{"id":5634,"date":"2026-01-16T12:24:55","date_gmt":"2026-01-16T11:24:55","guid":{"rendered":"https:\/\/www.csecaf.fr\/?p=5634"},"modified":"2026-01-20T11:28:39","modified_gmt":"2026-01-20T10:28:39","slug":"litw-trois-questions-a-frederic-labadie","status":"publish","type":"post","link":"https:\/\/www.csecaf.fr\/?p=5634","title":{"rendered":"L&rsquo;ITW: trois questions \u00e0 Fr\u00e9d\u00e9ric Labadie"},"content":{"rendered":"\n<p class=\"has-medium-font-size\"><strong>L\u2019ann\u00e9e 2026 marque 80 ans d\u2019histoire collective et de d\u00e9fense des salari\u00e9s gr\u00e2ce aux CSE. Fr\u00e9d\u00e9ric Labadie, Secr\u00e9taire du CSEC Air France, nous \u00e9claire sur cet anniversaire symbolique et les temps forts pr\u00e9vus cette ann\u00e9e.<\/strong><\/p>\n\n\n\n<p class=\"has-medium-font-size\"><strong>\u27a1\ufe0f Le CSEC f\u00eate ses 80 ans cette ann\u00e9e, que repr\u00e9sente cet anniversaire pour vous et les salari\u00e9s d&rsquo;Air France\u00a0 ?<\/strong><\/p>\n\n\n\n<p>Les 80 ans du CSEC est une date symbolique et forte. Depuis huit d\u00e9cennies, le CSEC d\u2019Air France joue un r\u00f4le essentiel dans la d\u00e9fense des droits des salari\u00e9s, dans le dialogue social et dans l\u2019acc\u00e8s aux activit\u00e9s sociales et culturelles. C\u2019est un pilier de la vie collective d&rsquo;Air France qui a marqu\u00e9 les souvenirs de plusieurs g\u00e9n\u00e9rations de salari\u00e9s \u00e0 travers les colonies et les vacances. Cet anniversaire est l\u2019occasion de rappeler l\u2019histoire du CSEC d\u2019Air France, l\u2019utilit\u00e9 et la l\u00e9gitimit\u00e9 des CSE en g\u00e9n\u00e9ral, mais aussi leur r\u00f4le indispensable aujourd\u2019hui et pour l\u2019avenir.<\/p>\n\n\n\n<p class=\"has-medium-font-size\"><strong>\u27a1\ufe0f Pourquoi est-il particuli\u00e8rement important de d\u00e9fendre les CSE aujourd\u2019hui ?<\/strong><\/p>\n\n\n\n<p>Les CSE sont plus que jamais n\u00e9cessaires dans un contexte de transformations profondes de l\u2019entreprise et du monde du travail. \u00c0 travers leur r\u00f4le consultatif, les CSE participent activement \u00e0 la d\u00e9fense des int\u00e9r\u00eats des salari\u00e9s, \u00e0 la pr\u00e9servation de leurs emplois, au respect des r\u00e8gles sociales et \u00e0 l\u2019application des droits collectifs au sein de l\u2019entreprise. D\u00e9fendre les CSE, c\u2019est d\u00e9fendre un mod\u00e8le social bas\u00e9 sur la solidarit\u00e9, le dialogue et la justice sociale. C\u2019est aussi garantir que la voix des salari\u00e9s continue d\u2019\u00eatre entendue sur le long terme dans un contexte en constante transformation.<\/p>\n\n\n\n<p class=\"has-medium-font-size\"><strong>\u27a1\ufe0f Que r\u00e9servez-vous aux salari\u00e9s pour c\u00e9l\u00e9brer ces 80 ans de liens et d&rsquo;engagements ?<\/strong><\/p>\n\n\n\n<p>Cette ann\u00e9e anniversaire sera marqu\u00e9e par plusieurs actions et \u00e9v\u00e9nements d\u00e9di\u00e9s aux 80 ans du CSEC. Des initiatives sp\u00e9cifiques seront mises en place afin de valoriser notre histoire, notre r\u00f4le et notre engagement au service des salari\u00e9s. Ce seront des moments \u00e0 la fois festifs et informatifs qui permettront de rassembler les salari\u00e9s autour de cette date importante et de rappeler l\u2019importance du CSEC dans la vie d\u2019Air France.<\/p>\n\n\n\n<p>Je profite \u00e9galement de ce moment pour adresser \u00e0 toutes et \u00e0 tous nos meilleurs v\u0153ux de sant\u00e9, de r\u00e9ussite et de partage pour cette nouvelle ann\u00e9e.<\/p>\n\n\n\n<p><\/p>\n\n\n\n<p><em>Janvier 2026<\/em><\/p>\n","protected":false},"excerpt":{"rendered":"<p>L\u2019ann\u00e9e 2026 marque 80 ans d\u2019histoire collective et de d\u00e9fense des salari\u00e9s gr\u00e2ce aux CSE. Fr\u00e9d\u00e9ric Labadie, Secr\u00e9taire du CSEC Air France, nous \u00e9claire sur cet anniversaire symbolique et les temps forts pr\u00e9vus cette ann\u00e9e. \u27a1\ufe0f Le CSEC f\u00eate ses 80 ans cette ann\u00e9e, que repr\u00e9sente cet anniversaire pour vous et les salari\u00e9s d&rsquo;Air France\u00a0 &hellip;<\/p>\n","protected":false},"author":7,"featured_media":5637,"comment_status":"closed","ping_status":"closed","sticky":false,"template":"","format":"standard","meta":{"footnotes":""},"categories":[36,227,41,138,45],"tags":[157,63,188,235,185,241],"_links":{"self":[{"href":"https:\/\/www.csecaf.fr\/index.php?rest_route=\/wp\/v2\/posts\/5634"}],"collection":[{"href":"https:\/\/www.csecaf.fr\/index.php?rest_route=\/wp\/v2\/posts"}],"about":[{"href":"https:\/\/www.csecaf.fr\/index.php?rest_route=\/wp\/v2\/types\/post"}],"author":[{"embeddable":true,"href":"https:\/\/www.csecaf.fr\/index.php?rest_route=\/wp\/v2\/users\/7"}],"replies":[{"embeddable":true,"href":"https:\/\/www.csecaf.fr\/index.php?rest_route=%2Fwp%2Fv2%2Fcomments&post=5634"}],"version-history":[{"count":6,"href":"https:\/\/www.csecaf.fr\/index.php?rest_route=\/wp\/v2\/posts\/5634\/revisions"}],"predecessor-version":[{"id":5655,"href":"https:\/\/www.csecaf.fr\/index.php?rest_route=\/wp\/v2\/posts\/5634\/revisions\/5655"}],"wp:featuredmedia":[{"embeddable":true,"href":"https:\/\/www.csecaf.fr\/index.php?rest_route=\/wp\/v2\/media\/5637"}],"wp:attachment":[{"href":"https:\/\/www.csecaf.fr\/index.php?rest_route=%2Fwp%2Fv2%2Fmedia&parent=5634"}],"wp:term":[{"taxonomy":"category","embeddable":true,"href":"https:\/\/www.csecaf.fr\/index.php?rest_route=%2Fwp%2Fv2%2Fcategories&post=5634"},{"taxonomy":"post_tag","embeddable":true,"href":"https:\/\/www.csecaf.fr\/index.php?rest_route=%2Fwp%2Fv2%2Ftags&post=5634"}],"curies":[{"name":"wp","href":"https:\/\/api.w.org\/{rel}","templated":true}]}}