{"id":5604,"date":"2025-12-05T15:00:44","date_gmt":"2025-12-05T14:00:44","guid":{"rendered":"https:\/\/www.csecaf.fr\/?p=5604"},"modified":"2026-01-16T13:21:26","modified_gmt":"2026-01-16T12:21:26","slug":"actu-sociales-du-csec-air-france","status":"publish","type":"post","link":"https:\/\/www.csecaf.fr\/?p=5604","title":{"rendered":"Actu sociales du CSEC Air France"},"content":{"rendered":"\n<p>Les derniers mois de 2025 ont \u00e9t\u00e9 l\u2019occasion pour vos repr\u00e9sentants de prendre connaissance de l\u2019expertise qu\u2019ils avaient d\u00e9clench\u00e9e sur<strong> la politique sociale de l\u2019entreprise, les conditions de travail et de l\u2019emploi<\/strong>. Fin septembre, <strong>Ben Smith \u00e9tait pr\u00e9sent pour \u00e9changer sur la strat\u00e9gie du groupe et Anne Rigail est revenue sur l\u2019exploitation estivale<\/strong>.<\/p>\n\n\n\n<p>Concernant la politique sociale, le cabinet Syndex a pr\u00e9sent\u00e9 la synth\u00e8se de son expertise d\u00e9clin\u00e9e par \u00e9tablissement sur le sujet de l\u2019emploi et des r\u00e9mun\u00e9rations. Ce travail a donn\u00e9 lieu \u00e0 des \u00e9changes nourris sur les r\u00e9mun\u00e9rations, le handicap, les temps partiels, les formations et l\u2019Index de l\u2019\u00e9galit\u00e9 professionnelle. Les \u00e9lus ont salu\u00e9 la qualit\u00e9 du rapport et r\u00e9affirm\u00e9 l\u2019importance de ces sujets pour la compagnie et ses personnels.<\/p>\n\n\n\n<p>L\u2019instance a \u00e9galement trait\u00e9 plusieurs points d\u2019information li\u00e9s \u00e0 l\u2019\u00e9volution de la compagnie\u00a0: les produits et services de la Premi\u00e8re, le projet d\u2019alignement des mod\u00e8les de relation m\u00e9tiers\/IT, le programme hiver 25\/26, la s\u00e9curit\u00e9 et les r\u00e9sultats du 3\u00e8me trimestre. La transformation de la compagnie se poursuit dans un contexte de forte concurrence et de contraintes l\u00e9gislatives nationales (TSBA\u2026) et europ\u00e9ennes.\u00a0<\/p>\n\n\n\n<p>MAJ 01\/2026<\/p>\n","protected":false},"excerpt":{"rendered":"<p>Les derniers mois de 2025 ont \u00e9t\u00e9 l\u2019occasion pour vos repr\u00e9sentants de prendre connaissance de l\u2019expertise qu\u2019ils avaient d\u00e9clench\u00e9e sur la politique sociale de l\u2019entreprise, les conditions de travail et de l\u2019emploi. Fin septembre, Ben Smith \u00e9tait pr\u00e9sent pour \u00e9changer sur la strat\u00e9gie du groupe et Anne Rigail est revenue sur l\u2019exploitation estivale. Concernant la &hellip;<\/p>\n","protected":false},"author":7,"featured_media":5611,"comment_status":"closed","ping_status":"closed","sticky":false,"template":"","format":"standard","meta":{"footnotes":""},"categories":[62,36,227,137,1,138],"tags":[63,235,194],"_links":{"self":[{"href":"https:\/\/www.csecaf.fr\/index.php?rest_route=\/wp\/v2\/posts\/5604"}],"collection":[{"href":"https:\/\/www.csecaf.fr\/index.php?rest_route=\/wp\/v2\/posts"}],"about":[{"href":"https:\/\/www.csecaf.fr\/index.php?rest_route=\/wp\/v2\/types\/post"}],"author":[{"embeddable":true,"href":"https:\/\/www.csecaf.fr\/index.php?rest_route=\/wp\/v2\/users\/7"}],"replies":[{"embeddable":true,"href":"https:\/\/www.csecaf.fr\/index.php?rest_route=%2Fwp%2Fv2%2Fcomments&post=5604"}],"version-history":[{"count":3,"href":"https:\/\/www.csecaf.fr\/index.php?rest_route=\/wp\/v2\/posts\/5604\/revisions"}],"predecessor-version":[{"id":5642,"href":"https:\/\/www.csecaf.fr\/index.php?rest_route=\/wp\/v2\/posts\/5604\/revisions\/5642"}],"wp:featuredmedia":[{"embeddable":true,"href":"https:\/\/www.csecaf.fr\/index.php?rest_route=\/wp\/v2\/media\/5611"}],"wp:attachment":[{"href":"https:\/\/www.csecaf.fr\/index.php?rest_route=%2Fwp%2Fv2%2Fmedia&parent=5604"}],"wp:term":[{"taxonomy":"category","embeddable":true,"href":"https:\/\/www.csecaf.fr\/index.php?rest_route=%2Fwp%2Fv2%2Fcategories&post=5604"},{"taxonomy":"post_tag","embeddable":true,"href":"https:\/\/www.csecaf.fr\/index.php?rest_route=%2Fwp%2Fv2%2Ftags&post=5604"}],"curies":[{"name":"wp","href":"https:\/\/api.w.org\/{rel}","templated":true}]}}