{"id":5600,"date":"2025-12-05T14:15:49","date_gmt":"2025-12-05T13:15:49","guid":{"rendered":"https:\/\/www.csecaf.fr\/?p=5600"},"modified":"2026-01-16T16:18:33","modified_gmt":"2026-01-16T15:18:33","slug":"ciel-europeen-consolider-pour-exister","status":"publish","type":"post","link":"https:\/\/www.csecaf.fr\/?p=5600","title":{"rendered":"Ciel europ\u00e9en\u00a0: consolider pour exister"},"content":{"rendered":"\n<p>L\u2019aviation europ\u00e9enne amorce un nouveau chapitre : entre prises de participation, privatisations \u00e0 venir et ajustements strat\u00e9giques, les compagnies cherchent \u00e0 optimiser leurs r\u00e9seaux pour rester comp\u00e9titives.<\/p>\n\n\n\n<p>Fin 2025, <strong>l&rsquo;\u00e9conomie mondiale s&rsquo;est montr\u00e9e r\u00e9siliente face aux d\u00e9fis<\/strong>. Les prix des mati\u00e8res premi\u00e8res, notamment le p\u00e9trole brut, sont en baisse. Les co\u00fbts du carburant repr\u00e9sentent 27 % des co\u00fbts totaux des compagnies a\u00e9riennes, tandis que les co\u00fbts de main-d&rsquo;\u0153uvre atteignent 29 %<a id=\"_ftnref1\" href=\"#_ftn1\">[1]<\/a>. <strong>Le trafic passagers a connu une croissance mod\u00e9r\u00e9e, avec des variations r\u00e9gionales notables<\/strong>. La demande de fret a\u00e9rien augmente, atteignant des niveaux records.<\/p>\n\n\n\n<p><strong>En Europe la capacit\u00e9 a augment\u00e9 de 3,6 % sur un an<\/strong>, port\u00e9e par les routes vers l&rsquo;Asie (+7,4 % YoY) et le march\u00e9 Europe-Am\u00e9rique du Sud (9,7 % YoY). Pour cet hiver, <strong>l\u2019\u00e9volution de la capacit\u00e9 de l\u2019industrie est en croissance +7% en SKO <\/strong><a href=\"#_ftn2\" id=\"_ftnref2\">[2]<\/a> au d\u00e9part de l\u2019Europe vers le monde. Une grosse partie de cette croissance est li\u00e9e au d\u00e9veloppement de Turkish Airlines. Air France est sur un rythme soutenu de croissance avec +4% SKO. La compagnie est le 2<sup>\u00e8me<\/sup> acteur derri\u00e8re Turkish Airlines et reste devant British Airways, Lufthansa&nbsp;et Emirates.<\/p>\n\n\n\n<p>Dans ce contexte, Ben Smith et Carsten Sporh, le PDG du groupe Lufthansa, se sont exprim\u00e9s ensemble dans la presse<a href=\"#_ftn3\" id=\"_ftnref3\">[3]<\/a>. \u00ab Nous faisons tous deux le m\u00eame constat : <strong>les r\u00e8gles du jeu du transport a\u00e9rien long-courrier en Europe ne sont pas \u00e9quitables pour les compagnies a\u00e9riennes europ\u00e9ennes<\/strong>. L&rsquo;Union europ\u00e9enne est un march\u00e9 ouvert, mais beaucoup de nos concurrents ne sont pas soumis aux m\u00eames contraintes r\u00e9glementaires, ni aux m\u00eames taxes et b\u00e9n\u00e9ficient d&rsquo;avantages que nous n&rsquo;avons pas \u00bb explique Ben Smith. Il souligne \u00e9galement qu\u2019\u00ab&nbsp;<strong>en Europe aussi, nous devons cr\u00e9er trois groupes puissants&nbsp;<\/strong>\u00bb \u00e0 l\u2019instar des Etats-Unis. Pour cela \u00ab&nbsp;l\u2019Europe doit accepter et m\u00eame soutenir la cr\u00e9ation de champions europ\u00e9ens mondiaux, \u00e0 m\u00eame d&rsquo;assurer sa souverainet\u00e9 \u00bb.<\/p>\n\n\n\n<p>Les \u00e9volutions notables du secteur concernant les consolidations :<\/p>\n\n\n\n<ul>\n<li>En prenant le contr\u00f4le d&rsquo;Air Europa, <strong>Turkish Airline compte se positionner sur le march\u00e9 latino-am\u00e9ricain <\/strong>actuellement en croissance.<\/li>\n\n\n\n<li>Selon Air Journal, \u00ab&nbsp;<strong>la compagnie nationale polonaise LOT Polish Airlines chercherait \u00e0 prendre le contr\u00f4le de&nbsp;Smartwings<\/strong>, acteur cl\u00e9 du transport a\u00e9rien tch\u00e8que, marquant ainsi une nouvelle \u00e9tape dans la consolidation du ciel d\u2019Europe centrale&nbsp;\u00bb.<\/li>\n\n\n\n<li><strong>ITA Airways rejoindra Star Alliance d\u00e9but 2026<\/strong>. La compagnie attend \u00e9galement l&rsquo;approbation de joint-ventures avec Lufthansa sur les liaisons transatlantiques et vers le Japon.<\/li>\n\n\n\n<li><strong>Lufthansa a d\u00e9j\u00e0 pris 41\u202f% d\u2019ITA Airways et 10% d\u2019Air Baltique<\/strong>.<\/li>\n\n\n\n<li><strong>Air France-KLM a annonc\u00e9 son intention d\u2019augmenter sa participation dans SAS de 19,9 % \u00e0 60,5 %<\/strong>, devenant actionnaire majoritaire. L\u2019op\u00e9ration est attendue pour la seconde moiti\u00e9 de 2026 apr\u00e8s validation r\u00e9glementaire.<\/li>\n\n\n\n<li><strong>La privatisation de TAP est relanc\u00e9e<\/strong>, l\u2019\u00c9tat conserverait une participation majoritaire (50,1\u202f%) et mettrait sur le march\u00e9 jusqu\u2019\u00e0 44,9\u202f% du capital de TAP, les 5\u202f% restants \u00e9tant r\u00e9serv\u00e9s aux salari\u00e9s<a href=\"#_ftn4\" id=\"_ftnref4\">[4]<\/a>. Les trois grands groupes europ\u00e9ens sont candidats, principalement afin d\u2019acc\u00e9der au march\u00e9 sud-am\u00e9ricain en g\u00e9n\u00e9ral et br\u00e9silien en particulier.<\/li>\n<\/ul>\n\n\n\n<p>Ces dossiers montrent que la consolidation europ\u00e9enne <strong>passe par des participations, des privatisations partag\u00e9es, moins par des fusions totales<\/strong>. Ces strat\u00e9gies permettent de consolider en limitant les risques face au poids de la r\u00e9gulation. <strong>L\u2019Europe est la r\u00e9gion la plus fragment\u00e9e<\/strong>, la plus r\u00e9gul\u00e9e, et celle o\u00f9 les fusions compl\u00e8tes sont les plus difficiles. Seulement, <strong>les participations minoritaires ne sont pas optimales<\/strong>. Elles pr\u00e9sentent un risque de consolidation inaboutie, en mati\u00e8re de gouvernance, de synergies et d\u2019entrainer des pertes de liquidit\u00e9s. Les tentatives d&rsquo;Etihad Airway d&rsquo;Abu Dhabi de prendre <strong>des participations minoritaires<\/strong> dans des compagnies a\u00e9riennes telles qu&rsquo;Air Berlin et Aer Lingus <strong>se sont av\u00e9r\u00e9es peu avantageuses<\/strong><a id=\"_ftnref5\" href=\"#_ftn5\">[5]<\/a>.<\/p>\n\n\n\n<p>N\u00e9anmoins, la fusion compl\u00e8te reste un exercice complexe au-del\u00e0 des contraintes l\u00e9gislatives. L\u2019int\u00e9gration de compagnies diff\u00e9rentes implique de concilier des <strong>cultures d\u2019entreprise vari\u00e9es<\/strong>, et d\u2019harmoniser ou de fusionner des pans d\u2019activit\u00e9s comme les <strong>syst\u00e8mes informatiques <\/strong><s>et des<\/s> ou encore les<strong> flottes h\u00e9t\u00e9rog\u00e8nes<\/strong>. Il en est de m\u00eame dans le cadre de rapprochements.<s><\/s><\/p>\n\n\n\n<p>Cependant,<strong> si l\u2019Europe ne consolide pas, elle perdra en puissance face aux groupes am\u00e9ricains, chinois ou du Golfe <\/strong>et pourrait perdre des parts de march\u00e9 long-courrier, notamment vers l\u2019Asie, l\u2019Afrique et l\u2019Am\u00e9rique latine.<\/p>\n\n\n\n<p>\u00c0 cela, s\u2019ajoute <strong>les compagnies low-cost qui redistribuent la dynamique concurrentielle intra-europ\u00e9enne<\/strong>. Comme le rappelle Ben Smith, \u00ab cette consolidation n\u2019a pas emp\u00each\u00e9 le march\u00e9 europ\u00e9en de rester extr\u00eamement concurrentiel \u00bb. Ryanair, EasyJet mais aussi Wizz Air ou Volotea imposent une pression forte sur les tarifs et sur la capacit\u00e9 des compagnies traditionnelles \u00e0 d\u00e9gager des marges.<\/p>\n\n\n\n<p>De plus, la consolidation pourrait permettre aux compagnies europ\u00e9ennes de mutualiser les investissements, s\u00e9curiser l\u2019acc\u00e8s au SAF et pr\u00e9server la comp\u00e9titivit\u00e9 des hubs europ\u00e9ens. Sans consolidation, le surco\u00fbt du SAF risque de creuser l\u2019\u00e9cart entre l\u2019Europe et les r\u00e9gions du monde o\u00f9 les acteurs sont plus concentr\u00e9s. Le d\u00e9veloppement du SAF exige des capacit\u00e9s financi\u00e8res, industrielles et contractuelles importantes.<\/p>\n\n\n\n<p>Les risques concrets si l\u2019Europe ne parvient pas \u00e0 consolider ses forces, est celui <strong>d\u2019un report de trafic vers des hubs extra-europ\u00e9ens<\/strong>, entra\u00eenant <strong>une \u00e9rosion de la comp\u00e9titivit\u00e9 des compagnies europ\u00e9ennes<\/strong> mais \u00e9galement <strong>une empreinte carbone<\/strong> <strong>potentiellement plus \u00e9lev\u00e9e et non soumise aux m\u00eames contraintes environnementales<\/strong>.<\/p>\n\n\n\n<hr class=\"wp-block-separator has-alpha-channel-opacity\"\/>\n\n\n\n<p><a href=\"#_ftnref1\" id=\"_ftn1\">[1]<\/a> IATA<\/p>\n\n\n\n<p><a href=\"#_ftnref2\" id=\"_ftn2\">[2]<\/a> OAG<\/p>\n\n\n\n<p><a href=\"#_ftnref3\" id=\"_ftn3\">[3]<\/a> <a href=\"https:\/\/www.lesechos.fr\/industrie-services\/tourisme-transport\/la-grande-offensive-des-patrons-dair-france-klm-et-lufthansa-pour-obtenir-des-regles-du-jeu-equitables-2193352\">https:\/\/www.lesechos.fr\/industrie-services\/tourisme-transport\/la-grande-offensive-des-patrons-dair-france-klm-et-lufthansa-pour-obtenir-des-regles-du-jeu-equitables-2193352<\/a><\/p>\n\n\n\n<p><a href=\"#_ftnref4\" id=\"_ftn4\">[4]<\/a> <a href=\"https:\/\/aeromorning.com\/air-france%E2%80%91klm-confirme-son-interet-pour-la-privatisation-partielle-de-tap-air-portugal\/?utm_source=substack&amp;utm_medium=email\">https:\/\/aeromorning.com\/air-france%E2%80%91klm-confirme-son-interet-pour-la-privatisation-partielle-de-tap-air-portugal\/?utm_source=substack&amp;utm_medium=email<\/a><\/p>\n\n\n\n<p><a href=\"#_ftnref5\" id=\"_ftn5\">[5]<\/a> <a href=\"https:\/\/ch.zonebourse.com\/cours\/action\/AIR-FRANCE-KLM-4604\/actualite\/Les-compagnies-aeriennes-europeennes-se-tournent-vers-des-fusions-acquisitions-de-taille-reduite-49238738\">https:\/\/ch.zonebourse.com\/cours\/action\/AIR-FRANCE-KLM-4604\/actualite\/Les-compagnies-aeriennes-europeennes-se-tournent-vers-des-fusions-acquisitions-de-taille-reduite-49238738<\/a><\/p>\n","protected":false},"excerpt":{"rendered":"<p>L\u2019aviation europ\u00e9enne amorce un nouveau chapitre : entre prises de participation, privatisations \u00e0 venir et ajustements strat\u00e9giques, les compagnies cherchent \u00e0 optimiser leurs r\u00e9seaux pour rester comp\u00e9titives. Fin 2025, l&rsquo;\u00e9conomie mondiale s&rsquo;est montr\u00e9e r\u00e9siliente face aux d\u00e9fis. Les prix des mati\u00e8res premi\u00e8res, notamment le p\u00e9trole brut, sont en baisse. Les co\u00fbts du carburant repr\u00e9sentent 27 &hellip;<\/p>\n","protected":false},"author":7,"featured_media":5612,"comment_status":"closed","ping_status":"closed","sticky":false,"template":"","format":"standard","meta":{"footnotes":""},"categories":[62,36,227,137,1,138],"tags":[157,194,35],"_links":{"self":[{"href":"https:\/\/www.csecaf.fr\/index.php?rest_route=\/wp\/v2\/posts\/5600"}],"collection":[{"href":"https:\/\/www.csecaf.fr\/index.php?rest_route=\/wp\/v2\/posts"}],"about":[{"href":"https:\/\/www.csecaf.fr\/index.php?rest_route=\/wp\/v2\/types\/post"}],"author":[{"embeddable":true,"href":"https:\/\/www.csecaf.fr\/index.php?rest_route=\/wp\/v2\/users\/7"}],"replies":[{"embeddable":true,"href":"https:\/\/www.csecaf.fr\/index.php?rest_route=%2Fwp%2Fv2%2Fcomments&post=5600"}],"version-history":[{"count":3,"href":"https:\/\/www.csecaf.fr\/index.php?rest_route=\/wp\/v2\/posts\/5600\/revisions"}],"predecessor-version":[{"id":5646,"href":"https:\/\/www.csecaf.fr\/index.php?rest_route=\/wp\/v2\/posts\/5600\/revisions\/5646"}],"wp:featuredmedia":[{"embeddable":true,"href":"https:\/\/www.csecaf.fr\/index.php?rest_route=\/wp\/v2\/media\/5612"}],"wp:attachment":[{"href":"https:\/\/www.csecaf.fr\/index.php?rest_route=%2Fwp%2Fv2%2Fmedia&parent=5600"}],"wp:term":[{"taxonomy":"category","embeddable":true,"href":"https:\/\/www.csecaf.fr\/index.php?rest_route=%2Fwp%2Fv2%2Fcategories&post=5600"},{"taxonomy":"post_tag","embeddable":true,"href":"https:\/\/www.csecaf.fr\/index.php?rest_route=%2Fwp%2Fv2%2Ftags&post=5600"}],"curies":[{"name":"wp","href":"https:\/\/api.w.org\/{rel}","templated":true}]}}