{"id":4997,"date":"2023-10-10T12:29:00","date_gmt":"2023-10-10T11:29:00","guid":{"rendered":"https:\/\/www.csecaf.fr\/?p=4997"},"modified":"2023-12-26T12:15:25","modified_gmt":"2023-12-26T11:15:25","slug":"vacances-adultes-2024-inscriptions-ouvertes","status":"publish","type":"post","link":"https:\/\/www.csecaf.fr\/?p=4997","title":{"rendered":"Vacances Adultes 2024 : inscriptions en affectations imm\u00e9diates ouvertes !"},"content":{"rendered":"\n<p class=\"has-text-align-left\"><strong>Les inscriptions d\u2019Hiver\/Printemps en affectations imm\u00e9diates sont ouvertes ! C\u2019est le moment de sortir vos agendas pour s\u00e9lectionner vos prochaines vacances sur Panoram@. C\u00f4t\u00e9 ski cette ann\u00e9e, nous avons \u00e9toff\u00e9 et vari\u00e9 les offres afin de vous permettre de trouver LE s\u00e9jour de vos r\u00eaves. Une mention sp\u00e9ciale pour le Domaine Paradiski\/La plagne o\u00f9 chacun trouvera assur\u00e9ment son bonheur. C\u00f4t\u00e9 hors neige, le printemps est propice aux voyages en France avec une belle repr\u00e9sentativit\u00e9 r\u00e9gionale mais aussi aux courts s\u00e9jours en Europe ainsi qu\u2019aux beaux voyages en long courrier. Retrouvez plus d\u2019une centaine de s\u00e9jours subventionn\u00e9s sur Panoram@ <\/strong><\/p>\n\n\n\n<p><strong>Hiver : au paradis du ski, tout vous est permis !<\/strong><\/p>\n\n\n\n<p>Imaginez\u2026 la montagne enneig\u00e9e, le bruit feutr\u00e9 des skis sur la poudreuse, le bonheur de se retrouver bien au chaud apr\u00e8s une journ\u00e9e bien sportive (ou pas)\u2026 avec pourquoi pas, un soin pour se d\u00e9tendre et savourer pleinement l\u2019instant pr\u00e9sent.<\/p>\n\n\n\n<p>Cet hiver, d\u00e9valez sur les pistes de Paradiski, deuxi\u00e8me plus grand domaine skiable au monde, rien que \u00e7a. Nous avons concentr\u00e9 notre s\u00e9lection de s\u00e9jours \u00e0 la neige sur le domaine de la Plagne et Paradiski. La majorit\u00e9 des s\u00e9jours se situent aux pieds des pistes, offrent des prestations inclues comme par exemple : des espaces bien-\u00eatre, un parking, une piscine, des animations, animaux domestiques bienvenus, un acc\u00e8s sauna, un hamam etc.). Vous aurez \u00e9galement le choix parmi de nombreuses formules (location, demi-pension, pension compl\u00e8te, club, mat\u00e9riel compris etc.).<br><br>Que vous soyez en couple, en solo, en famille, entre amis, que vous aimiez les sports qui donnent le frisson, que vous pr\u00e9f\u00e9riez les activit\u00e9s de montagne ou que vous soyez plut\u00f4t cocooning et fans des espaces d\u00e9tente, il y a forc\u00e9ment un s\u00e9jour qui va vous faire vibrer sur panoram@.  <\/p>\n\n\n\n<p><strong>Printemps : en France et \u00e0 l\u2019\u00e9tranger, bonjour les beaux jours !<\/strong><\/p>\n\n\n\n<p>Comment sortir de la torpeur hivernale\u2026 en douceur ? La France se fait belle pour vous \u00e0 Roquefort la B\u00e9doule (village de p\u00eacheur pr\u00e8s de cassis), Mandelieu-la-Napoule (pr\u00e8s de Cannes), Fort Mahon (pr\u00e8s du Crotoy) entre autres jolis nids printaniers. En Europe, on met le cap sur la Gr\u00e8ce, Majorque, Ibiza\u2026 pour ne citer que quelques destinations. Les amateurs de d\u00e9paysement total privil\u00e9gieront plut\u00f4t La R\u00e9publique Dominicaine, le Sri Lanka, Zanzibar, le Canada, l\u2019Argentine, l\u2019Afrique du Sud\u2026 parmi d\u2019autres pays enchanteurs.<\/p>\n","protected":false},"excerpt":{"rendered":"<p>Les inscriptions d\u2019Hiver\/Printemps en affectations imm\u00e9diates sont ouvertes ! C\u2019est le moment de sortir vos agendas pour s\u00e9lectionner vos prochaines vacances sur Panoram@. C\u00f4t\u00e9 ski cette ann\u00e9e, nous avons \u00e9toff\u00e9 et vari\u00e9 les offres afin de vous permettre de trouver LE s\u00e9jour de vos r\u00eaves. Une mention sp\u00e9ciale pour le Domaine Paradiski\/La plagne o\u00f9 chacun &hellip;<\/p>\n","protected":false},"author":9,"featured_media":4966,"comment_status":"closed","ping_status":"closed","sticky":true,"template":"","format":"standard","meta":{"footnotes":""},"categories":[62,36,56],"tags":[157,63,176,185,106,218,120,221,95,181],"_links":{"self":[{"href":"https:\/\/www.csecaf.fr\/index.php?rest_route=\/wp\/v2\/posts\/4997"}],"collection":[{"href":"https:\/\/www.csecaf.fr\/index.php?rest_route=\/wp\/v2\/posts"}],"about":[{"href":"https:\/\/www.csecaf.fr\/index.php?rest_route=\/wp\/v2\/types\/post"}],"author":[{"embeddable":true,"href":"https:\/\/www.csecaf.fr\/index.php?rest_route=\/wp\/v2\/users\/9"}],"replies":[{"embeddable":true,"href":"https:\/\/www.csecaf.fr\/index.php?rest_route=%2Fwp%2Fv2%2Fcomments&post=4997"}],"version-history":[{"count":5,"href":"https:\/\/www.csecaf.fr\/index.php?rest_route=\/wp\/v2\/posts\/4997\/revisions"}],"predecessor-version":[{"id":5045,"href":"https:\/\/www.csecaf.fr\/index.php?rest_route=\/wp\/v2\/posts\/4997\/revisions\/5045"}],"wp:featuredmedia":[{"embeddable":true,"href":"https:\/\/www.csecaf.fr\/index.php?rest_route=\/wp\/v2\/media\/4966"}],"wp:attachment":[{"href":"https:\/\/www.csecaf.fr\/index.php?rest_route=%2Fwp%2Fv2%2Fmedia&parent=4997"}],"wp:term":[{"taxonomy":"category","embeddable":true,"href":"https:\/\/www.csecaf.fr\/index.php?rest_route=%2Fwp%2Fv2%2Fcategories&post=4997"},{"taxonomy":"post_tag","embeddable":true,"href":"https:\/\/www.csecaf.fr\/index.php?rest_route=%2Fwp%2Fv2%2Ftags&post=4997"}],"curies":[{"name":"wp","href":"https:\/\/api.w.org\/{rel}","templated":true}]}}