{"id":4426,"date":"2023-02-07T14:36:15","date_gmt":"2023-02-07T13:36:15","guid":{"rendered":"\/?p=4426"},"modified":"2023-02-07T14:38:38","modified_gmt":"2023-02-07T13:38:38","slug":"colos-ete-inscriptions-ouvertes","status":"publish","type":"post","link":"https:\/\/www.csecaf.fr\/?p=4426","title":{"rendered":"Colos \u00e9t\u00e9 : inscriptions ouvertes"},"content":{"rendered":"<p>On t\u2019invite \u00e0 la magie, y a pas de raccourcis, viens faire la folie, sur notre appli ! <\/p>\n<p>Cet \u00e9t\u00e9, on a pris le parti de r\u00e9inventer les colos en musique avec des s\u00e9jours f\u00e9\u00e9riques, in\u00e9dits et aussi fun les uns que les autres. Nouveaux th\u00e8mes pour nos villages du patrimoine, des s\u00e9jours favorisant l\u2019imagination mais aussi de l\u2019activit\u00e9 physique pour nos centres en location, des vacances originales en mode itin\u00e9rants sp\u00e9cialement con\u00e7us pour les 14\/15 ans et enfin, et c\u2019est avec joie qu\u2019on vous annonce le grand retour de l\u2019Asie pour les itin\u00e9rants 16\/17 ans (et pas que !). Retrouvez 84 s\u00e9jours diff\u00e9rents pour plus de 3000 places sur Panoram@. Cerise sur le g\u00e2teau, le Bureau du CSEC maintient le nombre de journ\u00e9es de vacances subventionn\u00e9es \u00e0 33 au lieu de 21. <\/p>\n<p>Retrouvez toutes les informations sur Panoram@ ! <\/p>\n","protected":false},"excerpt":{"rendered":"<p>On t\u2019invite \u00e0 la magie, y a pas de raccourcis, viens faire la folie, sur notre appli ! Cet \u00e9t\u00e9, on a pris le parti de r\u00e9inventer les colos en musique avec des s\u00e9jours f\u00e9\u00e9riques, in\u00e9dits et aussi fun les uns que les autres. Nouveaux th\u00e8mes pour nos villages du patrimoine, des s\u00e9jours favorisant l\u2019imagination &hellip;<\/p>\n","protected":false},"author":9,"featured_media":4428,"comment_status":"closed","ping_status":"closed","sticky":true,"template":"","format":"standard","meta":{"footnotes":""},"categories":[62,36,56],"tags":[157,188,176,173,174,104,167,103,95],"_links":{"self":[{"href":"https:\/\/www.csecaf.fr\/index.php?rest_route=\/wp\/v2\/posts\/4426"}],"collection":[{"href":"https:\/\/www.csecaf.fr\/index.php?rest_route=\/wp\/v2\/posts"}],"about":[{"href":"https:\/\/www.csecaf.fr\/index.php?rest_route=\/wp\/v2\/types\/post"}],"author":[{"embeddable":true,"href":"https:\/\/www.csecaf.fr\/index.php?rest_route=\/wp\/v2\/users\/9"}],"replies":[{"embeddable":true,"href":"https:\/\/www.csecaf.fr\/index.php?rest_route=%2Fwp%2Fv2%2Fcomments&post=4426"}],"version-history":[{"count":1,"href":"https:\/\/www.csecaf.fr\/index.php?rest_route=\/wp\/v2\/posts\/4426\/revisions"}],"predecessor-version":[{"id":4430,"href":"https:\/\/www.csecaf.fr\/index.php?rest_route=\/wp\/v2\/posts\/4426\/revisions\/4430"}],"wp:featuredmedia":[{"embeddable":true,"href":"https:\/\/www.csecaf.fr\/index.php?rest_route=\/wp\/v2\/media\/4428"}],"wp:attachment":[{"href":"https:\/\/www.csecaf.fr\/index.php?rest_route=%2Fwp%2Fv2%2Fmedia&parent=4426"}],"wp:term":[{"taxonomy":"category","embeddable":true,"href":"https:\/\/www.csecaf.fr\/index.php?rest_route=%2Fwp%2Fv2%2Fcategories&post=4426"},{"taxonomy":"post_tag","embeddable":true,"href":"https:\/\/www.csecaf.fr\/index.php?rest_route=%2Fwp%2Fv2%2Ftags&post=4426"}],"curies":[{"name":"wp","href":"https:\/\/api.w.org\/{rel}","templated":true}]}}