{"id":4345,"date":"2022-09-27T11:49:27","date_gmt":"2022-09-27T10:49:27","guid":{"rendered":"\/?p=4345"},"modified":"2023-08-18T09:48:12","modified_gmt":"2023-08-18T08:48:12","slug":"colos-hiver-printemps-2023-inscriptions-ouvertes","status":"publish","type":"post","link":"https:\/\/www.csecaf.fr\/?p=4345","title":{"rendered":"Colos Hiver\/Printemps 2023 : inscriptions ouvertes"},"content":{"rendered":"<p><strong>Merci maman, merci papa ! \u2028Les inscriptions sont ouvertes&#8230; Pour les vacances de 2023, c\u2019est en musique que nous vous proposons un programme de colos \u00e9largi et riche en activit\u00e9s. Globalement, nous avons fait le plein d\u2019offres afin de donner \u00e0 vos enfants plus de choix et plus de places sur Panoram@. Aux vacances d\u2019hiver, en plus des colos \u00ab\u00a0neige\u00a0\u00bb o\u00f9 vos enfants pourront s\u2019adonner aux activit\u00e9s classiques (ski, surf, luge etc.) et\/ou nouveaux th\u00e8mes, des colos linguistiques et \u00e0 l\u2019\u00e9tranger, nous avons \u00e9galement pr\u00e9vu un mini programme Printemps pour les jeunes souhaitant partir aux beaux jours.<\/strong><\/p>\n<p><strong>S\u00e9jours fixes : let\u2019it snow (Frank Sinatra)<\/strong><br \/>\nCet hiver, on s\u2019ambiance avec Sinatra pour ressentir les doux flocons tomber et entendre les craquements feutr\u00e9s des pas sur la neige\u2026 Dans notre village de Saint-Pons, il fait toujours bon de d\u00e9valer les pistes avec les copains et des moniteurs asserment\u00e9s tip top, m\u00eame et surtout si c\u2019est la premi\u00e8re fois ! Les enfants et jeunes des DOM peuvent s\u2019y inscrire d\u00e8s maintenant pour ouvrir le bal des vacances d\u2019hiver. \u2028Le village de Saint-Pons en images, <a href=\"https:\/\/www.youtube.com\/watch?v=SAI7L_AN2JY\">c&rsquo;est par ICI.<\/a><\/p>\n<p>C\u00f4t\u00e9 locations avec un encadrement CSEC Air France, le nouveau village Val Cenis propose des activit\u00e9s in\u00e9dites comme le quad associ\u00e9 au ski dans un environnement f\u00e9erique : pistes en for\u00eats, petit village typique de Haute-Maurienne qui a conserv\u00e9 tout son charme d\u2019antan, logements modernes adapt\u00e9s \u00e0 tout \u00e2ge\u2026 un menu savoyard est m\u00eame pr\u00e9vu histoire de ne rien manquer des joies de la montagne. Sinon au printemps, cap sur Londres ! D\u2019autres s\u00e9jours sont bien s\u00fbr au programme.<\/p>\n<p>C\u00f4t\u00e9 locations avec encadrement ext\u00e9rieur, de nouveaux villages avec de nouvelles activit\u00e9s comme la moto-neige, karting-neige, chiens de tra\u00eeneaux, esprit nature (\u00e9co-responsable), ski-\u00e9quitation, ski-cin\u00e9ma viennent agr\u00e9menter les colos classiques \u00e0 la neige de 4 \u00e0 17 ans.<br \/>\nEnfin, que les enfants qui ne raffolent pas de la neige se rassurent\u2026 Panoram@ propose aussi des s\u00e9jours sans poudreuse : \u00e0 l\u2019\u00e9cole des petits sorciers, th\u00e9\u00e2tre, musique, chant, futuroscope &amp; vall\u00e9e des singes, manga, cin\u00e9ma, apprendre \u00e0 nager, English Academy, le choix est vaste.<\/p>\n<p><strong>S\u00e9jours linguistiques : ABC (The Jackson 5)<\/strong><br \/>\nApprendre l\u2019anglais n\u2019a jamais \u00e9t\u00e9 aussi facile ! Branchez le son et go pour chanter \u00e0 tue-t\u00eate une infinie de playlists, en anglais of course. Que ce soit \u00e0 Green Park, Bedford, Vancouver ou m\u00eame \u00e0 la Bourboule pour les plus petits, le nombre de places pour apprendre et\/ou perfectionner son anglais augmentent sur Panoram@.<\/p>\n<p><strong>S\u00e9jours itin\u00e9rants : three little birds (Bob Marley)<\/strong><br \/>\nRien de mieux qu\u2019une petite m\u00e9lodie du grand BOB pour donner le \u00ab\u00a0la\u00a0\u00bb des colos moyens et long courriers, notamment pour les jeunes \u00e2g\u00e9s de 14\/15 ans qui s\u2019envoleront au choix pour l\u2019Islande, le Qu\u00e9bec, Dubai ou encore au B\u00e9nin. Les jeunes \u00e2g\u00e9s de 16\/17 ans quant \u00e0 eux ont rendez-vous au Costa Rica, Mexique, Floride, Br\u00e9sil, Qu\u00e9bec, Thailande, Viet Nam, au Maroc ou au B\u00e9nin pour faire le plein d\u2019aventures humaines et vivre de nouvelles exp\u00e9riences. \u2028\u2028Plus de 1300 places sont disponibles sur Panoram@.<\/p>\n<p><em>Les conditions sanitaires Covid-19 \u00e9voluent : veuillez trouver les informations relatives \u00e0 chaque s\u00e9jour sur Panoram@. Des modifications sont susceptibles d\u2019intervenir en fonction de l\u2019\u00e9volution sanitaire et des conditions d&rsquo;entr\u00e9e et de sortie des pays visit\u00e9s. Nous vous recommandons de rester vigilants et de consulter r\u00e9guli\u00e8rement les informations relatives \u00e0 votre destination.<\/em><\/p>\n","protected":false},"excerpt":{"rendered":"<p>Merci maman, merci papa ! \u2028Les inscriptions sont ouvertes&#8230; Pour les vacances de 2023, c\u2019est en musique que nous vous proposons un programme de colos \u00e9largi et riche en activit\u00e9s. Globalement, nous avons fait le plein d\u2019offres afin de donner \u00e0 vos enfants plus de choix et plus de places sur Panoram@. Aux vacances d\u2019hiver, &hellip;<\/p>\n","protected":false},"author":9,"featured_media":4347,"comment_status":"closed","ping_status":"closed","sticky":false,"template":"","format":"standard","meta":{"footnotes":""},"categories":[62,36,56],"tags":[157,104,185,142,167,103,120,95],"_links":{"self":[{"href":"https:\/\/www.csecaf.fr\/index.php?rest_route=\/wp\/v2\/posts\/4345"}],"collection":[{"href":"https:\/\/www.csecaf.fr\/index.php?rest_route=\/wp\/v2\/posts"}],"about":[{"href":"https:\/\/www.csecaf.fr\/index.php?rest_route=\/wp\/v2\/types\/post"}],"author":[{"embeddable":true,"href":"https:\/\/www.csecaf.fr\/index.php?rest_route=\/wp\/v2\/users\/9"}],"replies":[{"embeddable":true,"href":"https:\/\/www.csecaf.fr\/index.php?rest_route=%2Fwp%2Fv2%2Fcomments&post=4345"}],"version-history":[{"count":3,"href":"https:\/\/www.csecaf.fr\/index.php?rest_route=\/wp\/v2\/posts\/4345\/revisions"}],"predecessor-version":[{"id":4349,"href":"https:\/\/www.csecaf.fr\/index.php?rest_route=\/wp\/v2\/posts\/4345\/revisions\/4349"}],"wp:featuredmedia":[{"embeddable":true,"href":"https:\/\/www.csecaf.fr\/index.php?rest_route=\/wp\/v2\/media\/4347"}],"wp:attachment":[{"href":"https:\/\/www.csecaf.fr\/index.php?rest_route=%2Fwp%2Fv2%2Fmedia&parent=4345"}],"wp:term":[{"taxonomy":"category","embeddable":true,"href":"https:\/\/www.csecaf.fr\/index.php?rest_route=%2Fwp%2Fv2%2Fcategories&post=4345"},{"taxonomy":"post_tag","embeddable":true,"href":"https:\/\/www.csecaf.fr\/index.php?rest_route=%2Fwp%2Fv2%2Ftags&post=4345"}],"curies":[{"name":"wp","href":"https:\/\/api.w.org\/{rel}","templated":true}]}}