{"id":4308,"date":"2022-05-24T07:52:54","date_gmt":"2022-05-24T06:52:54","guid":{"rendered":"\/?p=4308"},"modified":"2023-08-18T09:41:22","modified_gmt":"2023-08-18T08:41:22","slug":"mini-tarifs-pour-des-maxi-escapades-rendez-nous-visite","status":"publish","type":"post","link":"https:\/\/www.csecaf.fr\/?p=4308","title":{"rendered":"Mini tarifs pour des maxi escapades&#8230; rendez-nous visite !"},"content":{"rendered":"<p><strong>A quelques semaines de l\u2019ouverture de notre village \u00ab\u00a0Les Bleus de l&rsquo;Oc\u00e9an\u00a0\u00bb, \u00e0 Saint-Georges-de-Didonne, on s\u2019affaire, on pr\u00e9pare, on organise, on peaufine\u2026 pour que vous passiez des vacances ultra zen et au vert :<\/strong><\/p>\n<p>&#8211; <strong>Promotions sp\u00e9ciales<\/strong> pour vous permettre de d\u00e9couvrir le village \u00e0 prix imbattables, c\u2019est fait.<br \/>\n&#8211; D\u00e9corations des mobile-homes personnalis\u00e9es et accueillantes, c\u2019est fait.<br \/>\n&#8211; Livret d\u2019accueil histoire que vous preniez connaissance des nouveaux services, c\u2019est fait.<br \/>\n&#8211; <strong>Petite surprise d\u2019arriv\u00e9e<\/strong>, c\u2019est fait.<br \/>\n&#8211; Changement de draps inclus dans la formule, c\u2019est fait.<br \/>\n&#8211; <strong>Pack d\u2019accueil<\/strong> pour \u00e9viter les courses d\u2019urgence d\u00e8s votre arriv\u00e9e, c\u2019est fait.<br \/>\n&#8211; <strong>B\u00e9n\u00e9ficier de paniers de fruits et l\u00e9gumes<\/strong> aux petits oignons avec le march\u00e9 de Caroline, c\u2019est fait.<br \/>\n&#8211; <strong>Directrice et son \u00e9quipe<\/strong> super dynamiques, accueillants avec une fibre \u00e9cologique, c\u2019est fait.<\/p>\n<p>Pour cette toute premi\u00e8re fois aux bleus de l\u2019Oc\u00e9an (et au vert de la nature), on aimerait vous dorloter, vous chouchouter\u2026 Alors, pour ceux qui ne sont pas encore inscrits ou qui souhaiteraient r\u00e9server des s\u00e9jours ou des week-end \u00e0 la derni\u00e8re minute, nous avons mis en place des \u00ab\u00a0<strong>promos s\u00e9jours malins\u00a0<\/strong>\u00bb avec affectation imm\u00e9diate :<\/p>\n<p>&#8211; <strong>PACK MID-WEEK (arriv\u00e9e le lundi &#8211; d\u00e9part le samedi)<\/strong> \u00e0 partir du 11 lundi juillet jusqu&rsquo;au samedi 20 ao\u00fbt soit 4 nuits achet\u00e9es et 5e offerte.<a href=\"https:\/\/panorama.csecaf.fr\/sejour_vf\/detailSejour?id_offre=4548&amp;id_offre_type=1&amp;urlloc=\"> A consulter ICI.<\/a><br \/>\n&#8211;<strong> \u2028\u2028PACK WEEK-END \u00ab\u00a0pont du 14 juillet\u00a0\u00bb<\/strong> &#8211; du jeudi 14\/7 au dimanche 17\/7, soit 2 nuits achet\u00e9es et 3e offerte. <a href=\"https:\/\/panorama.csecaf.fr\/sejour_vf\/detailSejour?id_offre=4549&amp;id_offre_type=1&amp;urlloc=\">A consulter ICI<\/a><br \/>\n&#8211; <strong>PACK WEEK-END \u00ab\u00a0pont du 15 ao\u00fbt\u00a0\u00bb<\/strong> &#8211; du vendredi 12\/8 au lundi 15\/8, soit 2 nuits achet\u00e9es et la 3eme offerte. <a href=\"https:\/\/panorama.csecaf.fr\/sejour_vf\/detailSejour?id_offre=4550&amp;id_offre_type=1&amp;urlloc=\">A consulter ICI<\/a><\/p>\n<p>Nous sommes impatients et heureux de vous accueillir prochainement \u00e0 Saint-Georges-de-Didonne.<\/p>\n<p><span style=\"color: #ff0000;\">Vous n\u2019avez pas encore b\u00e9n\u00e9fici\u00e9 des 200\u20ac* exceptionnelles allou\u00e9e cette ann\u00e9e ?! Profitez-en\u2026 c\u2019est cumulable ! Pas belle la vie ?<\/span><br \/>\n<span style=\"color: #ff0000;\">* Uniquement pour les personnels SOL (actifs) n&rsquo;ayant pas d\u00e9j\u00e0 b\u00e9n\u00e9fici\u00e9 de cette subvention suppl\u00e9mentaire exceptionnelle sur l&rsquo;ann\u00e9e 2022. Applicable \u00e0 l&rsquo;issue de votre s\u00e9jour, en d\u00e9duction de votre r\u00e8glement.<\/span><\/p>\n","protected":false},"excerpt":{"rendered":"<p>A quelques semaines de l\u2019ouverture de notre village \u00ab\u00a0Les Bleus de l&rsquo;Oc\u00e9an\u00a0\u00bb, \u00e0 Saint-Georges-de-Didonne, on s\u2019affaire, on pr\u00e9pare, on organise, on peaufine\u2026 pour que vous passiez des vacances ultra zen et au vert : &#8211; Promotions sp\u00e9ciales pour vous permettre de d\u00e9couvrir le village \u00e0 prix imbattables, c\u2019est fait. &#8211; D\u00e9corations des mobile-homes personnalis\u00e9es et &hellip;<\/p>\n","protected":false},"author":9,"featured_media":4310,"comment_status":"closed","ping_status":"closed","sticky":false,"template":"","format":"standard","meta":{"footnotes":""},"categories":[62,36,56],"tags":[157,197,185,106,198,170,120,95,196,181],"_links":{"self":[{"href":"https:\/\/www.csecaf.fr\/index.php?rest_route=\/wp\/v2\/posts\/4308"}],"collection":[{"href":"https:\/\/www.csecaf.fr\/index.php?rest_route=\/wp\/v2\/posts"}],"about":[{"href":"https:\/\/www.csecaf.fr\/index.php?rest_route=\/wp\/v2\/types\/post"}],"author":[{"embeddable":true,"href":"https:\/\/www.csecaf.fr\/index.php?rest_route=\/wp\/v2\/users\/9"}],"replies":[{"embeddable":true,"href":"https:\/\/www.csecaf.fr\/index.php?rest_route=%2Fwp%2Fv2%2Fcomments&post=4308"}],"version-history":[{"count":3,"href":"https:\/\/www.csecaf.fr\/index.php?rest_route=\/wp\/v2\/posts\/4308\/revisions"}],"predecessor-version":[{"id":4312,"href":"https:\/\/www.csecaf.fr\/index.php?rest_route=\/wp\/v2\/posts\/4308\/revisions\/4312"}],"wp:featuredmedia":[{"embeddable":true,"href":"https:\/\/www.csecaf.fr\/index.php?rest_route=\/wp\/v2\/media\/4310"}],"wp:attachment":[{"href":"https:\/\/www.csecaf.fr\/index.php?rest_route=%2Fwp%2Fv2%2Fmedia&parent=4308"}],"wp:term":[{"taxonomy":"category","embeddable":true,"href":"https:\/\/www.csecaf.fr\/index.php?rest_route=%2Fwp%2Fv2%2Fcategories&post=4308"},{"taxonomy":"post_tag","embeddable":true,"href":"https:\/\/www.csecaf.fr\/index.php?rest_route=%2Fwp%2Fv2%2Ftags&post=4308"}],"curies":[{"name":"wp","href":"https:\/\/api.w.org\/{rel}","templated":true}]}}