{"id":4257,"date":"2022-04-06T09:19:58","date_gmt":"2022-04-06T08:19:58","guid":{"rendered":"\/?p=4257"},"modified":"2023-08-18T09:41:32","modified_gmt":"2023-08-18T08:41:32","slug":"va-faites-un-break-dans-le-patrimoine","status":"publish","type":"post","link":"https:\/\/www.csecaf.fr\/?p=4257","title":{"rendered":"VA : faites un break dans le patrimoine !"},"content":{"rendered":"<p><span class=\"accroche\"><strong>Les beaux jours sont presque l\u00e0\u2026 mais si mais si. L&rsquo;occasion d&rsquo;organiser un break quelques jours, quelques semaines dans les villages du patrimoine ! Dans l\u2019Hexagone ou dans les DOM, nos villages vacances &amp; d\u00e9tente sont maintenant tous disponibles en affectation imm\u00e9diate, m\u00eame en plein \u00e9t\u00e9. Pour ceux qui n\u2019ont jamais test\u00e9 un s\u00e9jour 100% made by CSEC AF, nous allons, tout au long de l\u2019ann\u00e9e, diffuser des vid\u00e9os histoire de vous montrer les nouveaut\u00e9s et de vous donner les bonnes raisons de passer un s\u00e9jour inoubliable dans nos villages !<\/strong> <\/span><\/p>\n<p><strong><span class=\"titre\" style=\"color: #333399;\">Villages des DOM : \u00e0 r\u00e9server d\u2019urgence pour une cure de vitamine D et de farniente<\/span><\/strong><\/p>\n<p><span class=\"texte\">Entre deux saisons, deux vacances, deux jours f\u00e9ri\u00e9s\u2026 les escapades insulaires sont LE rem\u00e8de aux coups de blues ou de fatigue ! Que ce soit au <strong>Mabouya (Martinique), S\u00e9o (Guadeloupe), ou l\u2019Hibiscus (\u00cele de le R\u00e9union)<\/strong>, nos \u00e9quipes vous attendent avec joie et bonne humeur pour vous mettre dans le bain et le rythme des \u00eeles. Bien-\u00eatre et sourires garantis. Retrouvez les visites virtuelles de nos villages d\u00e9tente des DOM sur <a href=\"https:\/\/panorama.csecaf.fr\" target=\"_blank\" rel=\"noopener\"><strong>Panoram@\/fiche produit<\/strong><\/a>. En attendant, prenez deux minutes pour visionner <a href=\"https:\/\/www.youtube.com\/watch?v=oWZQHBdF-18&amp;feature=youtu.be\" target=\"_blank\" rel=\"noopener\"><strong>la vid\u00e9o de l\u2019Hibiscus ! <\/strong><\/a><\/span><\/p>\n<p><span style=\"color: #333399;\"><strong><span class=\"titre\">Villages d\u00e9tente dans l\u2019Hexagone : \u00e0 saisir pour une bulle de s\u00e9r\u00e9nit\u00e9 (ou d\u2019activit\u00e9s) en pleine nature !<\/span><\/strong><\/span><\/p>\n<p><span class=\"texte\"><strong>&#8211; A Saint-Malo (Bretagne), on aime toujours et encore\u2026 la mer !<\/strong> Ses longues plages de sable fin, son iode, ses parfums d\u2019embruns qui viennent titiller les narines, mais pas que. La cit\u00e9 Malouine fourmille de sorties sportives ou contemplatives : accro-branche, Parc St-P\u00e8re, Paddle surf, vall\u00e9e de la Rance, croisi\u00e8re vers Dinan, randonn\u00e9es le long du littoral, le GR34 de Dinard, l&rsquo;\u00eele de Br\u00e9hat. Cette ann\u00e9e, vous pouvez \u00e9galement participer au marathon du Mont-Saint-Michel (22\/5), assister au d\u00e9part de la Route du Rhum (6\/11) ou encore profiter du festival du film Britannique (du 28\/9 au 2\/10).<\/span><\/p>\n<p><span class=\"texte\"><strong>&#8211; Beuil (Alpes Maritimes), Bonnieux (Vaucluse) &amp; Penne du Tarn (Tarn) :<\/strong> des mini tarifs pour des maxi plaisirs ! C\u2019est le point commun entre ces 3 villages d\u00e9tente qui en plus des tous petits prix, b\u00e9n\u00e9ficient d\u2019emplacements de r\u00eave pour les aventuriers ou ceux qui cherchent la tranquillit\u00e9 de la montagne. Beuil aux portes du Parc National du Mercantour, Penne-du-Tarn dans les Gorges de l\u2019Aveyron, Bonnieux et le parc naturel r\u00e9gional du Lub\u00e9ron\u2026 ici, exit le stress et bonjour \u00e0 la magie de la montagne et au charme des petits villages dans leurs \u00e9crins de verdure. <\/span><\/p>\n<p><strong><span class=\"titre\" style=\"color: #333399;\">Villages Vacances dans l\u2019Hexagone : \u00e0 tester puis adopter pour partager des moments forts en famille ou entre amis<\/span><\/strong><\/p>\n<p><span class=\"texte\"><strong>&#8211; Gassin (Var) ah Gassin<\/strong> et son ambiance m\u00e9ridionale, sa piscine, ses courts de tennis et\u2026 ses animations (\u00e9t\u00e9), notre petit paradis dans le sud ! Lorsqu\u2019on aime la c\u00f4te d\u2019azur, un s\u00e9jour au village vacances de Gassin est une \u00e9tape incontournable. Que ce soit pour l\u00e9zarder en bord de mer en famille ou entre amis, buller au soleil sous le chant des cigales ou encore pour visiter le village et ses alentours, tout est mis en \u0153uvre pour que vos vacances riment avec d\u00e9tente et joie de vivre.<\/span><\/p>\n<p><span class=\"texte\"><strong>&#8211; Saint-Georges-de-Didonne (Charente-Maritime) :<\/strong> vivons heureux vivons cach\u00e9s\u2026 Avec ses nouveaux mobil-homes \u00e0 la fois design, haut de gammes et \u00e9co-responsables, place \u00e0 une immersion nature entre mer et for\u00eat. De notre village, l\u2019\u00eele d\u2019Ol\u00e9ron et l&rsquo;\u00eele de R\u00e9 vous tendent les bras, les plages de la c\u00f4te sauvage guettent votre arriv\u00e9e, le Zoo de la Palmyre r\u00e9serve de belles surprises \u00e0 vos enfants ! D\u00e8s cet \u00e9t\u00e9 et jusqu\u2019\u00e0 l\u2019automne, profitez d\u2019un cadre verdoyant pour des vacances assur\u00e9ment d\u00e9tox.<\/span><\/p>\n","protected":false},"excerpt":{"rendered":"<p>Les beaux jours sont presque l\u00e0\u2026 mais si mais si. L&rsquo;occasion d&rsquo;organiser un break quelques jours, quelques semaines dans les villages du patrimoine ! Dans l\u2019Hexagone ou dans les DOM, nos villages vacances &amp; d\u00e9tente sont maintenant tous disponibles en affectation imm\u00e9diate, m\u00eame en plein \u00e9t\u00e9. Pour ceux qui n\u2019ont jamais test\u00e9 un s\u00e9jour 100% &hellip;<\/p>\n","protected":false},"author":9,"featured_media":4259,"comment_status":"closed","ping_status":"closed","sticky":false,"template":"","format":"standard","meta":{"footnotes":""},"categories":[62,36,56],"tags":[157,176,185,192,106,170,120,181],"_links":{"self":[{"href":"https:\/\/www.csecaf.fr\/index.php?rest_route=\/wp\/v2\/posts\/4257"}],"collection":[{"href":"https:\/\/www.csecaf.fr\/index.php?rest_route=\/wp\/v2\/posts"}],"about":[{"href":"https:\/\/www.csecaf.fr\/index.php?rest_route=\/wp\/v2\/types\/post"}],"author":[{"embeddable":true,"href":"https:\/\/www.csecaf.fr\/index.php?rest_route=\/wp\/v2\/users\/9"}],"replies":[{"embeddable":true,"href":"https:\/\/www.csecaf.fr\/index.php?rest_route=%2Fwp%2Fv2%2Fcomments&post=4257"}],"version-history":[{"count":1,"href":"https:\/\/www.csecaf.fr\/index.php?rest_route=\/wp\/v2\/posts\/4257\/revisions"}],"predecessor-version":[{"id":4258,"href":"https:\/\/www.csecaf.fr\/index.php?rest_route=\/wp\/v2\/posts\/4257\/revisions\/4258"}],"wp:featuredmedia":[{"embeddable":true,"href":"https:\/\/www.csecaf.fr\/index.php?rest_route=\/wp\/v2\/media\/4259"}],"wp:attachment":[{"href":"https:\/\/www.csecaf.fr\/index.php?rest_route=%2Fwp%2Fv2%2Fmedia&parent=4257"}],"wp:term":[{"taxonomy":"category","embeddable":true,"href":"https:\/\/www.csecaf.fr\/index.php?rest_route=%2Fwp%2Fv2%2Fcategories&post=4257"},{"taxonomy":"post_tag","embeddable":true,"href":"https:\/\/www.csecaf.fr\/index.php?rest_route=%2Fwp%2Fv2%2Ftags&post=4257"}],"curies":[{"name":"wp","href":"https:\/\/api.w.org\/{rel}","templated":true}]}}