{"id":4250,"date":"2022-03-15T13:58:02","date_gmt":"2022-03-15T12:58:02","guid":{"rendered":"\/?p=4250"},"modified":"2023-08-18T09:41:37","modified_gmt":"2023-08-18T08:41:37","slug":"des-mobil-homes-100-durables-pour-100-de-bien-etre-%e2%80%a8","status":"publish","type":"post","link":"https:\/\/www.csecaf.fr\/?p=4250","title":{"rendered":"Des mobil-homes 100% durables pour 100 % de bien-\u00eatre  \u2028"},"content":{"rendered":"<p>On parlait, dans la premi\u00e8re newsletter consacr\u00e9e \u00e0 Saint-Georges-de-Didonne, de la mont\u00e9e en gamme des nouveaux logements. Pour adapter notre village \u00e0 vos attentes, \u00e0 vos profils et compositions familiales, nous avons en effet opt\u00e9 pour plus d\u2019espace en passant de chalets de 6 personnes \u00e0 des mobil-homes en majorit\u00e9 de 4 personnes pour 40m2. Les grandes familles ou les personnes souhaitant plus d\u2019espace peuvent s\u2019inscrire sur les 6 mobil-homes de 6 personnes.<\/p>\n<p>Maintenant, int\u00e9ressons-nous \u00e0 la composition de ces mobil-homes. Pourquoi avoir choisi le fournisseur Bio-Habitat ? Premi\u00e8rement parce qu\u2019\u00e0 l\u2019heure o\u00f9 les effets des perturbateurs endocriniens semblent jouer un r\u00f4le majeur dans la d\u00e9t\u00e9rioration de la sant\u00e9, <strong>opter pour des mat\u00e9riaux propres et sains permet de contribuer \u00e0 la pr\u00e9servation de nos syst\u00e8mes hormonaux.<\/strong> Dans cet \u00e9tat d\u2019esprit, notre prestataire fabrique des logements sans phtalates, dont les bardages sont en vinyle, PVC ou bois (recyclables \u00e0 100%), l\u2019isolation thermique est en laine de verre class\u00e9e A+ et le bois utilis\u00e9 est issu de for\u00eats \u00e9co-g\u00e9r\u00e9es. M\u00eame les matelas en mousse sont labellis\u00e9s Oeko Tex ! En clair, les mati\u00e8res premi\u00e8res, les fils, les teintures ne contiennent pas de produits chimiques nocifs pour la sant\u00e9.<\/p>\n<p>Deuxi\u00e8mement, un cercle vertueux puisqu\u2019en plus de prot\u00e9ger les humains, <strong>les mobil-homes ont \u00e9t\u00e9 pens\u00e9s pour limiter au maximum les effets sur l\u2019environnement.<\/strong> Les \u00e9quipements int\u00e9rieurs sont \u00e9conomes en \u00e9nergie : limitateur de d\u00e9bits, wc double d\u00e9bit, \u00e9lectrom\u00e9nager basse consommation, portes coulissantes en vitrage faiblement \u00e9missif r\u00e9duisant les variations de temp\u00e9ratures, LED classe A+, minuterie sur l\u2019\u00e9clairage ext\u00e9rieur et m\u00eame des bornes de recharge pour les voitures \u00e9lectriques.. La production des mobil-homes s\u2019inscrit d\u2019ailleurs dans cet engagement de d\u00e9veloppement durable, puisque l&rsquo;usine qui a construit nos logements est implant\u00e9e en Vend\u00e9e (\u00e9missions carbones r\u00e9duites) hormis les 2 mobil-homes PMR construits en Italie.<\/p>\n<p>Passons \u00e0 pr\u00e9sent du c\u00f4t\u00e9 paysager. Par sa situation g\u00e9ographique, pr\u00e8s de Royan, aux portes de l\u2019Oc\u00e9an Atlantique et de sa c\u00f4te sauvage, le village de Saint-Georges-de-Didonne se pr\u00eate parfaitement \u00e0 la mise en place d\u2019une ambiance \u00ab\u00a0nature\u00a0\u00bb. Les vacances sont des moments particuli\u00e8rement importants pour se d\u00e9tendre et couper du quotidien. <strong>Avec ses mat\u00e9riaux eco-responsables et un design \u00e0 la fois \u00e9l\u00e9gant et discret, les mobil-homes, tous am\u00e9nag\u00e9s d&rsquo;une terrasse ombrag\u00e9e privative, se fondront dans le paysage\u2026<\/strong> offrant ainsi au regard, douceur et apaisement. Au fur et \u00e0 mesure, nous allons accentuer cet esprit \u00ab\u00a0cocoon\u00a0\u00bb &amp; nature en int\u00e9grant des bo\u00eetes \u00e0 insectes, en cr\u00e9ant des jardins collectifs (pour ceux qui souhaitent participer) en animant des ateliers en lien avec cette th\u00e9matique.<\/p>\n","protected":false},"excerpt":{"rendered":"<p>On parlait, dans la premi\u00e8re newsletter consacr\u00e9e \u00e0 Saint-Georges-de-Didonne, de la mont\u00e9e en gamme des nouveaux logements. Pour adapter notre village \u00e0 vos attentes, \u00e0 vos profils et compositions familiales, nous avons en effet opt\u00e9 pour plus d\u2019espace en passant de chalets de 6 personnes \u00e0 des mobil-homes en majorit\u00e9 de 4 personnes pour 40m2. &hellip;<\/p>\n","protected":false},"author":9,"featured_media":4252,"comment_status":"closed","ping_status":"closed","sticky":false,"template":"","format":"standard","meta":{"footnotes":""},"categories":[62,36,56],"tags":[157,63,185,106,170,120,95],"_links":{"self":[{"href":"https:\/\/www.csecaf.fr\/index.php?rest_route=\/wp\/v2\/posts\/4250"}],"collection":[{"href":"https:\/\/www.csecaf.fr\/index.php?rest_route=\/wp\/v2\/posts"}],"about":[{"href":"https:\/\/www.csecaf.fr\/index.php?rest_route=\/wp\/v2\/types\/post"}],"author":[{"embeddable":true,"href":"https:\/\/www.csecaf.fr\/index.php?rest_route=\/wp\/v2\/users\/9"}],"replies":[{"embeddable":true,"href":"https:\/\/www.csecaf.fr\/index.php?rest_route=%2Fwp%2Fv2%2Fcomments&post=4250"}],"version-history":[{"count":1,"href":"https:\/\/www.csecaf.fr\/index.php?rest_route=\/wp\/v2\/posts\/4250\/revisions"}],"predecessor-version":[{"id":4251,"href":"https:\/\/www.csecaf.fr\/index.php?rest_route=\/wp\/v2\/posts\/4250\/revisions\/4251"}],"wp:featuredmedia":[{"embeddable":true,"href":"https:\/\/www.csecaf.fr\/index.php?rest_route=\/wp\/v2\/media\/4252"}],"wp:attachment":[{"href":"https:\/\/www.csecaf.fr\/index.php?rest_route=%2Fwp%2Fv2%2Fmedia&parent=4250"}],"wp:term":[{"taxonomy":"category","embeddable":true,"href":"https:\/\/www.csecaf.fr\/index.php?rest_route=%2Fwp%2Fv2%2Fcategories&post=4250"},{"taxonomy":"post_tag","embeddable":true,"href":"https:\/\/www.csecaf.fr\/index.php?rest_route=%2Fwp%2Fv2%2Ftags&post=4250"}],"curies":[{"name":"wp","href":"https:\/\/api.w.org\/{rel}","templated":true}]}}