{"id":4228,"date":"2022-02-23T08:15:32","date_gmt":"2022-02-23T07:15:32","guid":{"rendered":"\/?p=4228"},"modified":"2023-08-18T09:41:48","modified_gmt":"2023-08-18T08:41:48","slug":"on-va-ou-cet-ete","status":"publish","type":"post","link":"https:\/\/www.csecaf.fr\/?p=4228","title":{"rendered":"On va o\u00f9 cet \u00e9t\u00e9 ?"},"content":{"rendered":"<p><strong>La montagne vous a gagn\u00e9 et la campagne vous a emball\u00e9\u2026 l\u2019\u00e9t\u00e9 dernier fut pour de nombreux agents l\u2019occasion de d\u00e9couvrir ou red\u00e9couvrir la France sous toutes ses coutures. Alors cet \u00e9t\u00e9\/automne, l\u2019offre a \u00e9t\u00e9 \u00e9toff\u00e9e avec pr\u00e8s de 130 offres diff\u00e9rentes afin de vous donner encore plus envie de parcourir l\u2019Hexagone. Nos villages de Gassin et Saint-Georges-de-Didonne \u00e9voluent avec des changements de prestations et le grand retour des animations pour le plus grand plaisir des adultes\u2026 et des enfants ! Les s\u00e9jours \u00e0 l\u2019\u00e9tranger sont \u00e9galement au RdV avec un programme qui sera progressivement enrichi. Avant de vous inscrire, quelques informations importantes sur les nouveaut\u00e9s mises en place :<\/strong><\/p>\n<p><strong>\u2028\u2028Ch\u00e8que-Vacances Connect : payez directement vos vacances sur Panoram@<\/strong><br \/>\nVous disposez d\u00e9sormais d\u2019un nouveau mode de paiement ! Pour faciliter votre inscription, vous pouvez d\u00e9sormais r\u00e9gler une partie ou l\u2019int\u00e9gralit\u00e9 de votre s\u00e9jour par e-ch\u00e8que sur notre site de r\u00e9servation. Cette alternative vous sera propos\u00e9e au moment du paiement sur notre site. Il suffit de suivre les instructions \u00e0 retrouver dans le FAQ de Panoram@.<\/p>\n<p><strong>Patrimoine juillet\/ao\u00fbt : nous vous attendons avec impatience !<\/strong><\/p>\n<p>Meilleure organisation, davantage de confort et plus de flexibilit\u00e9 pour vos vacances, les formules de Gassin et St-Georges-de-Didonne \u00e9voluent :<\/p>\n<p>&#8211; <strong>Gassin change son offre :<\/strong> les s\u00e9jours sur toute la saison sont d\u00e9sormais e<strong>n location avec une option restauration<\/strong> uniquement \u00e0 la demande sur Panoram@. En clair, termin\u00e9es les pensions compl\u00e8tes. Place \u00e0 la demi-pension en option. Celle-ci vous est propos\u00e9e en la cochant lors de votre inscription. \u2028\u2028A noter que 2 s\u00e9jours retrait\u00e9s en pension compl\u00e8te en juin et fin ao\u00fbt sont disponibles sur Panoram@, avec la mise en place d\u2019une navette gratuite pour ceux qui la souhaitent. \u2028C\u00f4t\u00e9 g\u00eetes, votre confort est am\u00e9lior\u00e9 : les logements 2 personnes sont d\u00e9sormais consid\u00e9r\u00e9s comme des studios et certains logements de 3 personnes (les plus petits) destin\u00e9s aux duos.<\/p>\n<p>&#8211; <strong>Testez le tout nouveau village de Saint-Georges-de-Didonne<\/strong> et r\u00e9servez <strong>en location<\/strong> des vacances au vert. Avec ses logements flambants neufs tout \u00e9quip\u00e9s, concoctez vos petits plats ou participez aux nombreuses soir\u00e9es \u00e0 th\u00e8mes au programme.<br \/>\nQue ce soit \u00e0 Gassin ou \u00e0 Saint-Georges-de-Didonne, les animations font leur grand retour puisque des activit\u00e9s seront organis\u00e9es en journ\u00e9e comme en soir\u00e9e. Le mini-club et club ados seront \u00e9galement ouverts.<\/p>\n","protected":false},"excerpt":{"rendered":"<p>La montagne vous a gagn\u00e9 et la campagne vous a emball\u00e9\u2026 l\u2019\u00e9t\u00e9 dernier fut pour de nombreux agents l\u2019occasion de d\u00e9couvrir ou red\u00e9couvrir la France sous toutes ses coutures. Alors cet \u00e9t\u00e9\/automne, l\u2019offre a \u00e9t\u00e9 \u00e9toff\u00e9e avec pr\u00e8s de 130 offres diff\u00e9rentes afin de vous donner encore plus envie de parcourir l\u2019Hexagone. Nos villages de &hellip;<\/p>\n","protected":false},"author":9,"featured_media":4230,"comment_status":"closed","ping_status":"closed","sticky":false,"template":"","format":"standard","meta":{"footnotes":""},"categories":[62,36,56],"tags":[157,185,192,106,120,95,195,181],"_links":{"self":[{"href":"https:\/\/www.csecaf.fr\/index.php?rest_route=\/wp\/v2\/posts\/4228"}],"collection":[{"href":"https:\/\/www.csecaf.fr\/index.php?rest_route=\/wp\/v2\/posts"}],"about":[{"href":"https:\/\/www.csecaf.fr\/index.php?rest_route=\/wp\/v2\/types\/post"}],"author":[{"embeddable":true,"href":"https:\/\/www.csecaf.fr\/index.php?rest_route=\/wp\/v2\/users\/9"}],"replies":[{"embeddable":true,"href":"https:\/\/www.csecaf.fr\/index.php?rest_route=%2Fwp%2Fv2%2Fcomments&post=4228"}],"version-history":[{"count":2,"href":"https:\/\/www.csecaf.fr\/index.php?rest_route=\/wp\/v2\/posts\/4228\/revisions"}],"predecessor-version":[{"id":4231,"href":"https:\/\/www.csecaf.fr\/index.php?rest_route=\/wp\/v2\/posts\/4228\/revisions\/4231"}],"wp:featuredmedia":[{"embeddable":true,"href":"https:\/\/www.csecaf.fr\/index.php?rest_route=\/wp\/v2\/media\/4230"}],"wp:attachment":[{"href":"https:\/\/www.csecaf.fr\/index.php?rest_route=%2Fwp%2Fv2%2Fmedia&parent=4228"}],"wp:term":[{"taxonomy":"category","embeddable":true,"href":"https:\/\/www.csecaf.fr\/index.php?rest_route=%2Fwp%2Fv2%2Fcategories&post=4228"},{"taxonomy":"post_tag","embeddable":true,"href":"https:\/\/www.csecaf.fr\/index.php?rest_route=%2Fwp%2Fv2%2Ftags&post=4228"}],"curies":[{"name":"wp","href":"https:\/\/api.w.org\/{rel}","templated":true}]}}