{"id":4224,"date":"2022-02-14T13:17:55","date_gmt":"2022-02-14T12:17:55","guid":{"rendered":"\/?p=4224"},"modified":"2023-08-18T09:41:53","modified_gmt":"2023-08-18T08:41:53","slug":"saint-georges-de-didonne-se-met-au-vert","status":"publish","type":"post","link":"https:\/\/www.csecaf.fr\/?p=4224","title":{"rendered":"Saint-Georges-de-Didonne se met au vert"},"content":{"rendered":"<p><strong>Plus de nature, plus d\u2019\u00e9cologie, plus d\u2019espace, plus de sensations, plus de collectif, plus de surprises&#8230;<\/strong> 2022 signe en effet les pr\u00e9mices d\u2019un projet majeur : la r\u00e9novation du village de Saint-Georges-de-Didonne situ\u00e9 en Charente-Maritime, \u00e0 l\u2019embouchure de l\u2019estuaire de la Gironde.<\/p>\n<p>Entre la prise de d\u00e9cision, les appels d\u2019offres, les diverses \u00e9tudes n\u00e9cessaires au choix des fournisseurs, les d\u00e9lais de construction puis de livraison des nouveaux logements, le tout dans un contexte d\u2019activit\u00e9 r\u00e9duite, il s\u2019est \u00e9coul\u00e9 deux ans. Deux ann\u00e9es pr\u00e9cieuses, non pas pour r\u00e9habiliter, mais <strong>pour aller plus loin, en r\u00e9inventant ce village<\/strong>. Objectif : cr\u00e9er un espace \u00e0 la fois moderne et respectueux de la nature, o\u00f9 l\u2019humain est en harmonie avec l\u2019\u00e9cosyst\u00e8me.<\/p>\n<p>La m\u00e9tamorphose de Saint-Georges-de-Didonne passe ainsi par une <strong>mont\u00e9e en gamme des nouveaux logements.<\/strong> <strong>Quarante neuf mobil-homes de la marque \u00ab O\u2019hara \u00bb pour Bio-Habitat<\/strong> (dont 2 destin\u00e9s aux personnes \u00e0 mobilit\u00e9 r\u00e9duite) proposeront des espaces de 40m2 avec une pi\u00e8ce \u00e0 vivre fonctionnelle, une suite parentale avec salle d\u2019eau privative, 1\/2 chambres enfants\/invit\u00e9s, une deuxi\u00e8me salle d\u2019eau et une terrasse.<\/p>\n<p>Concr\u00e8tement, o\u00f9 en sommes-nous ? Le chantier a bien s\u00fbr commenc\u00e9 depuis plusieurs mois et les espaces prennent maintenant forme. Les anciens logements sont d\u00e9sormais d\u00e9truits et prochainement, <strong>les travaux de Voirie et r\u00e9seaux divers (VRD) vont d\u00e9buter<\/strong>. Les nouveaux mobil-homes sont quant \u00e0 eux d\u00e9j\u00e0 mont\u00e9s et pr\u00eats \u00e0 \u00eatre achemin\u00e9s dans notre village\u2026<\/p>\n<p>Saint-Georges-de-Didonne a donc vocation \u00e0 devenir un village tourn\u00e9 vers la nature\u2026 tout en offrant aux vacanciers, \u00e0 terme, le confort de logements connect\u00e9s. Jusqu\u2019\u00e0 l\u2019ouverture, suivez la m\u00e9tamorphose du village en images dans nos prochaines newsletters et diffusions sur les RS.<\/p>\n","protected":false},"excerpt":{"rendered":"<p>Plus de nature, plus d\u2019\u00e9cologie, plus d\u2019espace, plus de sensations, plus de collectif, plus de surprises&#8230; 2022 signe en effet les pr\u00e9mices d\u2019un projet majeur : la r\u00e9novation du village de Saint-Georges-de-Didonne situ\u00e9 en Charente-Maritime, \u00e0 l\u2019embouchure de l\u2019estuaire de la Gironde. Entre la prise de d\u00e9cision, les appels d\u2019offres, les diverses \u00e9tudes n\u00e9cessaires au &hellip;<\/p>\n","protected":false},"author":9,"featured_media":4223,"comment_status":"closed","ping_status":"closed","sticky":false,"template":"","format":"standard","meta":{"footnotes":""},"categories":[62,36,56],"tags":[157,63,188,184,185,142,106,103,170,120,95],"_links":{"self":[{"href":"https:\/\/www.csecaf.fr\/index.php?rest_route=\/wp\/v2\/posts\/4224"}],"collection":[{"href":"https:\/\/www.csecaf.fr\/index.php?rest_route=\/wp\/v2\/posts"}],"about":[{"href":"https:\/\/www.csecaf.fr\/index.php?rest_route=\/wp\/v2\/types\/post"}],"author":[{"embeddable":true,"href":"https:\/\/www.csecaf.fr\/index.php?rest_route=\/wp\/v2\/users\/9"}],"replies":[{"embeddable":true,"href":"https:\/\/www.csecaf.fr\/index.php?rest_route=%2Fwp%2Fv2%2Fcomments&post=4224"}],"version-history":[{"count":2,"href":"https:\/\/www.csecaf.fr\/index.php?rest_route=\/wp\/v2\/posts\/4224\/revisions"}],"predecessor-version":[{"id":4226,"href":"https:\/\/www.csecaf.fr\/index.php?rest_route=\/wp\/v2\/posts\/4224\/revisions\/4226"}],"wp:featuredmedia":[{"embeddable":true,"href":"https:\/\/www.csecaf.fr\/index.php?rest_route=\/wp\/v2\/media\/4223"}],"wp:attachment":[{"href":"https:\/\/www.csecaf.fr\/index.php?rest_route=%2Fwp%2Fv2%2Fmedia&parent=4224"}],"wp:term":[{"taxonomy":"category","embeddable":true,"href":"https:\/\/www.csecaf.fr\/index.php?rest_route=%2Fwp%2Fv2%2Fcategories&post=4224"},{"taxonomy":"post_tag","embeddable":true,"href":"https:\/\/www.csecaf.fr\/index.php?rest_route=%2Fwp%2Fv2%2Ftags&post=4224"}],"curies":[{"name":"wp","href":"https:\/\/api.w.org\/{rel}","templated":true}]}}