{"id":4161,"date":"2021-10-26T11:48:46","date_gmt":"2021-10-26T10:48:46","guid":{"rendered":"\/?p=4161"},"modified":"2023-08-18T09:42:14","modified_gmt":"2023-08-18T08:42:14","slug":"patrimoine-dom-quoi-de-neuf-sous-le-soleil","status":"publish","type":"post","link":"https:\/\/www.csecaf.fr\/?p=4161","title":{"rendered":"Patrimoine DOM, quoi de neuf sous le soleil ?"},"content":{"rendered":"<p><strong>Partir dans un village d\u00e9tente des DOM, c&rsquo;est ne pas se soucier de la saison ou des vacances scolaires ! Avec une ouverture en continu, nos villages au soleil sont \u00e0 port\u00e9e de clic sur Panoram@, le site et l\u2019appli. Avec une ouverture du site de r\u00e9servation, d\u00e9sormais sur toute l&rsquo;ann\u00e9e, vous pouvez acheter vos billets R1 avec plus de tranquillit\u00e9 et envisager votre s\u00e9jour du 18\/12\/21 au 17\/12\/22. En escale \u00e0 la nuit\u00e9e ou pour des s\u00e9jours plus longs au soleil, vous aurez le choix entre la mer des Cara\u00efbes, ou l\u2019oc\u00e9an indien.<\/strong><\/p>\n<p><span class=\"titre_21\"><strong>Le Mabouya &#8211; Martinique<\/strong><br \/>\n<\/span> En Martinique, riche d\u2019un patrimoine et de valeurs qui en font la fiert\u00e9 de ses habitants, c\u2019est \u00e0 Sainte-Luce, situ\u00e9e entre Le Diamant et Le Marin, face \u00e0 l\u2019\u00eele de Sainte-Lucie, que vous d\u00e9couvrirez le village d\u00e9tente \u00ab\u00a0Le Mabouya\u00a0\u00bb. Au milieu de jardins fleuris, entour\u00e9 de paysages exceptionnels, et \u00e0 100 m d\u2019une plage de sable blanc, il ne manquera pas, \u00e0 coup s\u00fbr, de vous s\u00e9duire.<\/p>\n<p><span class=\"titre_21\"><strong>S\u00e9o &#8211; Guadeloupe<\/strong><br \/>\n<\/span> L\u2019archipel de la Guadeloupe, pos\u00e9 sur l\u2019arc des Petites Antilles, est un po\u00e8me \u00e0 lui tout seul. Nich\u00e9 au milieu d\u2019un parc dans le sud de Grande-Terre, le village d\u00e9tente \u00ab\u00a0S\u00e9o\u00a0\u00bb vous \u00e9merveillera, quant \u00e0 lui, par sa proximit\u00e9 avec des plages paradisiaques, des falaises escarp\u00e9es, dignes d\u2019un paysage breton, et plus globalement d\u2019une faune et d\u2019une flore extr\u00eamement vari\u00e9es.<\/p>\n<table border=\"0\" width=\"100%\">\n<tbody>\n<tr>\n<td><strong>NOUVEAU : toujours soucieux d&rsquo;am\u00e9liorer le confort de ses vacanciers, le CSEC se dote de la fibre en Guadeloupe et vous offre d\u00e9sormais un acc\u00e8s internet sur l&rsquo;ensemble du village.<\/strong><\/td>\n<\/tr>\n<\/tbody>\n<\/table>\n<p><span class=\"titre_21\"><strong>L&rsquo;Hibiscus &#8211; La R\u00e9union<\/strong><\/span><br \/>\nEnfin, c\u2019est en plein c\u0153ur de l\u2019oc\u00e9an Indien que vous d\u00e9couvrirez l\u2019\u00eele de La R\u00e9union et notre village d\u00e9tente \u00ab\u00a0l\u2019Hibiscus\u00a0\u00bb. Mer, montagne, volcans (dont Le Piton de la Fournaise qui est toujours actif), La R\u00e9union est un petit paradis sur Terre. L\u2019Hibiscus, \u00e0 l\u2019ouest de l\u2019\u00eele, pr\u00e8s de Saint-Gilles-Les-Bains, vous accueillera dans ses logements, totalement r\u00e9nov\u00e9s, de style cr\u00e9ole, face \u00e0 la mer, pour des vacances 100% d\u00e9connect\u00e9es.<\/p>\n<p><span class=\"titre_21\"><strong>La m\u00e9tropole n&rsquo;est pas en reste avec Bonnieux et Penne (2021)<\/strong><\/span><br \/>\n<strong>Bonnieux<\/strong> est un beau village perch\u00e9, qui se situe sur le versant nord du Luberon, face au village de Lacoste. On y vient fl\u00e2ner et d\u00e9couvrir le charme de ses ruelles, mais pas que ! Amis sportifs, accrochez-vous&#8230; le <a href=\"https:\/\/marathons.ahotu.fr\/evenement\/trail-nocturne-de-bonnieux\">Trail Nocturne de Bonnieux<\/a> cr\u00e9e par l\u2019association Bonnieux Run &amp; Bike vous fera d\u00e9couvrir les superbes sentiers du Lub\u00e9ron\u2026 avec les frissons de la nuit. Date pr\u00e9vue : le 20 novembre 2021.<\/p>\n<p>Un saut dans le temps vaut parfois tous les voyages du monde. La forteresse de <strong>Penne<\/strong> est un lieu charg\u00e9 d\u2019histoire, dont le chantier m\u00e9di\u00e9val \u00e0 ciel ouvert ne peut que passionner. Menuisiers, tailleurs de pierre, artisans en tous genres\u2026 sont \u00e0 pied d\u2019\u0153uvre depuis 2007 pour restaurer le ch\u00e2teau de Penne. Un projet colossal \u00e0 visiter en famille de 6 \u00e0 77 ans (ou plus !). Rdv sur le <a href=\"https:\/\/www.chateau-penne.com\/travaux-de-restauration\/\">site officiel<\/a> pour caler votre visite.<\/p>\n<p><span class=\"titre_21\">Partiellement effectives en 2021 en raison de la pand\u00e9mie, les nouvelles r\u00e8gles de r\u00e9partition de la subvention et d&rsquo;affectation seront appliqu\u00e9es d\u00e8s les inscriptions d&rsquo;hiver (21 jours subventionn\u00e9s max par an et par agent). <a href=\"https:\/\/panorama.csecaf.fr\/subvention\">Prenez le temps de consulter une nouvelle fois ce nouveau dispositif sur Panoram@<\/a><\/span><\/p>\n","protected":false},"excerpt":{"rendered":"<p>Partir dans un village d\u00e9tente des DOM, c&rsquo;est ne pas se soucier de la saison ou des vacances scolaires ! Avec une ouverture en continu, nos villages au soleil sont \u00e0 port\u00e9e de clic sur Panoram@, le site et l\u2019appli. Avec une ouverture du site de r\u00e9servation, d\u00e9sormais sur toute l&rsquo;ann\u00e9e, vous pouvez acheter vos &hellip;<\/p>\n","protected":false},"author":9,"featured_media":4159,"comment_status":"closed","ping_status":"closed","sticky":false,"template":"","format":"standard","meta":{"footnotes":""},"categories":[62,36,56],"tags":[178,63,188,185,120,95],"_links":{"self":[{"href":"https:\/\/www.csecaf.fr\/index.php?rest_route=\/wp\/v2\/posts\/4161"}],"collection":[{"href":"https:\/\/www.csecaf.fr\/index.php?rest_route=\/wp\/v2\/posts"}],"about":[{"href":"https:\/\/www.csecaf.fr\/index.php?rest_route=\/wp\/v2\/types\/post"}],"author":[{"embeddable":true,"href":"https:\/\/www.csecaf.fr\/index.php?rest_route=\/wp\/v2\/users\/9"}],"replies":[{"embeddable":true,"href":"https:\/\/www.csecaf.fr\/index.php?rest_route=%2Fwp%2Fv2%2Fcomments&post=4161"}],"version-history":[{"count":1,"href":"https:\/\/www.csecaf.fr\/index.php?rest_route=\/wp\/v2\/posts\/4161\/revisions"}],"predecessor-version":[{"id":4162,"href":"https:\/\/www.csecaf.fr\/index.php?rest_route=\/wp\/v2\/posts\/4161\/revisions\/4162"}],"wp:featuredmedia":[{"embeddable":true,"href":"https:\/\/www.csecaf.fr\/index.php?rest_route=\/wp\/v2\/media\/4159"}],"wp:attachment":[{"href":"https:\/\/www.csecaf.fr\/index.php?rest_route=%2Fwp%2Fv2%2Fmedia&parent=4161"}],"wp:term":[{"taxonomy":"category","embeddable":true,"href":"https:\/\/www.csecaf.fr\/index.php?rest_route=%2Fwp%2Fv2%2Fcategories&post=4161"},{"taxonomy":"post_tag","embeddable":true,"href":"https:\/\/www.csecaf.fr\/index.php?rest_route=%2Fwp%2Fv2%2Ftags&post=4161"}],"curies":[{"name":"wp","href":"https:\/\/api.w.org\/{rel}","templated":true}]}}