{"id":4147,"date":"2021-10-05T10:30:47","date_gmt":"2021-10-05T09:30:47","guid":{"rendered":"\/?p=4147"},"modified":"2023-08-18T09:42:20","modified_gmt":"2023-08-18T08:42:20","slug":"4147","status":"publish","type":"post","link":"https:\/\/www.csecaf.fr\/?p=4147","title":{"rendered":"Vacances Adultes : L\u2019hiver vous appartient&#8230; il est temps de partir vous mettre au frais !"},"content":{"rendered":"<table width=\"740\" align=\"center\">\n<tbody>\n<tr>\n<td align=\"center\">\n<p style=\"text-align: left;\"><strong>L\u2019hiver vous appartient&#8230; il est temps de partir vous mettre au frais ! Cette ann\u00e9e le programme d\u2019hiver\/printemps vous propose pr\u00e8s de 80 destinations. Joies de la glisse ou \u00e9vasion&#8230; il y en a pour toutes les envies. Si vous \u00eates en froid avec l\u2019hiver, partez vous r\u00e9chauffer ! aux Canaries, en R\u00e9publique dominicaine, ou \u00e0 Zanzibar&#8230; Choisissez ces s\u00e9jours qui tombent \u00e0 pic pour combler les envies de farniente et faire rimer d\u00e9couverte, rencontre et chaleur.<\/strong><\/p>\n<p style=\"text-align: left;\"><span class=\"titre_21\"><strong>Les Flocons d\u2019Argents*** <\/strong><\/span><span class=\"titre_66\">S\u00e9jours en location<br \/>\n<\/span><br \/>\n<strong>\u2022 9 jours\/8 nuits du 18 au 26 d\u00e9cembre 2021 (samedi\/dimanche)<\/strong><br \/>\n<strong>\u2022 8 jours\/7 nuits du 26 d\u00e9cembre 2021 au 2 janvier 2022 (dimanche\/dimanche)<\/strong><br \/>\n<strong>\u2022 8 jours\/7 nuits du 5 f\u00e9vrier au 5 mars 2022 (samedi\/samedi)<\/strong><\/p>\n<p>Aussois est un village de montagne traditionnel qui a su conserver son authenticit\u00e9 et son charme. Labellis\u00e9 Famille Plus, il offre toutes les infrastructures n\u00e9cessaires pour r\u00e9server le meilleur accueil aux familles et faire le bonheur de vos enfants. Nich\u00e9 \u00e0 1500m d&rsquo;altitude, sa localisation sur le versant sud d&rsquo;un plateau au pied des sommets de la Vanoise, garantit des vacances ensoleill\u00e9es ainsi qu&rsquo;un superbe panorama. Avec ses commerces int\u00e9gr\u00e9s et la maison des enfants \u00e0 son pied, la r\u00e9sidence est id\u00e9ale pour un s\u00e9jour en famille. <span class=\"titre_613\"><strong>Le + : le d\u00e9part skis au pied<\/strong><\/span><\/p>\n<p style=\"text-align: left;\"><span class=\"titre_21\"><strong>R\u00e9sidence prestige Isatis Chamonix <\/strong> <\/span><span class=\"titre_665\"><strong>S\u00e9jours en location<\/strong><br \/>\n<\/span><br \/>\n<strong>\u2022 9 jours\/8 nuits du 18 au 26 d\u00e9cembre 2021 (samedi\/dimanche)<\/strong><br \/>\n<strong>\u2022 8 jours\/7 nuits du 26 d\u00e9cembre 2021 au 2 janvier 2022 (dimanche\/dimanche)<\/strong><br \/>\n<strong>\u2022 8 jours\/7 nuits du 15 janvier au 7 mai 2022 (samedi\/samedi)<\/strong><\/p>\n<p>Chamonix, berceau du tourisme alpin, s\u00e9duit les amoureux de la montagne depuis le 18e si\u00e8cle. Mondialement r\u00e9put\u00e9e, tendance et authentique, Chamonix se classe aujourd\u2019hui parmi les 10 stations les plus pris\u00e9es du Globe. Lov\u00e9e au pied du mythique Mont-Blanc, Chamonix invite \u00e0 l\u2019\u00e9vasion et au ressourcement en toutes saisons, tout en proposant les facilit\u00e9s et l\u2019animation commerciale d\u2019une vraie ville de haute montagne. B\u00e9n\u00e9ficiant d&rsquo;un panorama \u00e0 360\u00b0 sur les sommets, cette r\u00e9sidence vous s\u00e9duira par son architecture authentique et contemporaine mariant lignes sobres, bois et pierre. Vous s\u00e9journerez dans des appartements de grand confort \u00e9clair\u00e9s par de grandes baies vitr\u00e9es, prolong\u00e9s d&rsquo;un balcon ou d&rsquo;une terrasse et dot\u00e9s d&rsquo;un acc\u00e8s wifi. <span class=\"titre_613\"><strong>Les + : piscine semi-couverte chauff\u00e9e, espace fitness et bien-\u00eatre (payant) avec hammam, sauna, bain \u00e0 remous et douche sensorielle.<\/strong><\/span><\/p>\n<p style=\"text-align: left;\"><span class=\"titre_21\"><strong>R\u00e9sidence Au Coeur des Ours*** <\/strong><\/span><span class=\"titre_6651\"><strong>S\u00e9jours en location<\/strong><\/span><\/p>\n<p><strong>\u2022 9 jours\/8 nuits du 18 au 26 d\u00e9cembre 2021 (samedi\/dimanche)<\/strong><br \/>\n<strong>\u2022 8 jours\/7 nuits du 26 d\u00e9cembre 2021 au 2 janvier 2022 (dimanche\/dimanche)<\/strong><br \/>\n<strong>\u2022 8 jours\/7 nuits du 5 f\u00e9vrier au 5 mars 2022 (samedi\/samedi)<\/strong><\/p>\n<p>La station des 2 Alpes, c\u2019est le paradis des passionn\u00e9s de glisse, des skieurs confirm\u00e9s et des novices ! De nombreuses \u00e9coles de ski r\u00e9parties dans la station seront d\u2019ailleurs ravies d\u2019accueillir petits et grands futurs champions. Et pour les plus aguerris, exp\u00e9rimenter le ski de nuit, c\u2019est aussi possible dans la station des 2 Alpes. Moment magique garanti ! <span class=\"titre_613\"><strong>Les + : A 50m des pistes et 200m du rassemblement de l\u2019\u00e9cole de ski. \u00c0 5mn \u00e0 pied centre station, \u00e0 c\u00f4t\u00e9 de l\u2019Office de Tourisme, en face de l&rsquo;arr\u00eat des navettes gratuites, proche des commerces.<\/strong><br \/>\n<\/span><\/p>\n<p style=\"text-align: left;\"><span class=\"titre_21\"><strong>Lanzarote, apr\u00e8s l&rsquo;hiver place au soleil (Vols inclus)<\/strong> <\/span><\/p>\n<p><strong>\u2022 S\u00e9jour de 8 jours\/7 nuits du 30 avril au 6 mai 2022<\/strong><\/p>\n<p>Vous recherchez un peu de chaleur apr\u00e8s ces longs mois d\u2019hiver sans partir au bout du monde ? Lanzarote pourrait \u00eatre l&rsquo;endroit id\u00e9al ! Les \u00eeles Canaries jouissent d\u2019un climat favorable toute l\u2019ann\u00e9e et vous pourrez vous attendre \u00e0 12 heures de lumi\u00e8re par jour en f\u00e9vrier. Alors, n&rsquo;h\u00e9sitez plus ! Fa\u00eetes vos valises et partez en vacances dans ce club de confort ! L\u2019h\u00f4tel Sol Lanzarote est situ\u00e9 en face de la plage de Matagorda \u00e0 Puerto del Carmen, au sud-est de Lanzarote, l&rsquo;un des centres touristiques les plus importants de l&rsquo;\u00eele avec 6km de plages et de nombreux centres de loisirs, magasins, centres commerciaux, restaurants, bars et clubs\u2026 <span class=\"titre_613\"><strong>Les + : le confort de la formule All Inclusive \u2022 Les clubs enfants.<\/strong><\/span><\/p>\n<p style=\"text-align: left;\"><span class=\"titre_21\"><strong>Break au paradis blanc ! (Vols inclus) <\/strong> <\/span><\/p>\n<p><strong>\u2022 S\u00e9jour de 5 jours\/4 nuits du 14 au 18 mars 2022<\/strong><\/p>\n<p>Un air sain, des d\u00e9cors grandioses, d\u2019incroyables paysages de for\u00eats et de sapins, du blanc \u00e0 perte de vue dans une nature \u00e0 l&rsquo;\u00e9tat pur&#8230; Une v\u00e9ritable d\u00e9connexion polaire vous est offerte ! Vous profiterez durant votre s\u00e9jour de diverses activit\u00e9s dans un v\u00e9ritable cocon d&rsquo;hiver. Vous serez \u00e0 Levi ! La station est situ\u00e9e \u00e0 une centaine de kilom\u00e8tres au nord du cercle polaire, au c\u0153ur du Fell, r\u00e9gion de la Laponie finlandaise. Vous vivrez des moments excitants en vous essayant aux diverses activit\u00e9s propos\u00e9es : motoneige, safaris en rennes, traineaux de chiens&#8230; Sensations assur\u00e9es ! Vous aurez peut-\u00eatre l&rsquo;opportunit\u00e9 de vivre des instants uniques et contemplatifs, en vous laissant surprendre par la danse c\u00e9leste des aurores bor\u00e9ales dans le ciel de Finlande, ph\u00e9nom\u00e8ne naturel d&rsquo;explosions lumineuses, puissantes et exceptionnelles, qui ne laissent aucun terrien indiff\u00e9rent. <span class=\"titre_613\"><strong>Les + : l\u2019activit\u00e9 motoneige \u2022 L\u2019\u00e9quipement \u00ab grand froid \u00bb<\/strong><\/span><\/p>\n<p style=\"text-align: left;\"><span class=\"titre_21\"><strong>H\u00f4tel Viva Azteca****<\/strong> <\/span><\/p>\n<p><strong>\u2022 S\u00e9jours du 22 f\u00e9vrier au 4 mars et du 11 au 19 avril 2022<\/strong><\/p>\n<p>Fa\u00eetes vous une place au soleil et envolez-vous vers le Mexique ! L&rsquo;h\u00f4tel Viva Azteca c\u00f4toie les magnifiques plages de la Riviera Maya. Ce complexe poss\u00e8de des \u00e9quipements modernes et propose de nombreuses activit\u00e9s de loisirs quotidiennes et nocturnes pour toute la famille. La formule All Inclusive vous garantit confort et repos pendant votre s\u00e9jour. L&rsquo;h\u00f4tel Viva Wyndham Azteca 4* se trouve \u00e0 3 km du centre-ville de Playa del Carmen, une des stations baln\u00e9aires les plus r\u00e9put\u00e9es de la c\u00f4te, notamment pour le charme de ses rues, ses \u00e9choppes et son animation nocturne ! L&rsquo;\u00e9tablissement offre \u00e0 ses vacanciers de nombreuses prestations et infrastructures adapt\u00e9es \u00e0 tous ! Mini-club pour les enfants et pour les plus grands, un \u00ab\u00a0Renova spa\u00a0\u00bb, ou encore des activit\u00e9s ludiques et sportives propos\u00e9es par l&rsquo;\u00e9quipe d&rsquo;animation. En soir\u00e9e, l&rsquo;atmosph\u00e8re est anim\u00e9e au Viva ! L&rsquo;h\u00f4tel vous proposera divers spectacles : cabaret, com\u00e9die, com\u00e9die musicale et danse. <span class=\"titre_613\"><strong>Les + : La formule All Inclusive \u2022 La situation de l\u2019h\u00f4tel<\/strong><\/span><\/p>\n<p style=\"text-align: left;\"><span class=\"titre_21\">D\u00e9couvrez l&rsquo;ensemble du programme hiver\/printemps 2022 pour des inscriptions du 5 au 19 octobre inclus sur Panoram@.<\/span><\/p>\n<p style=\"text-align: left;\">Pour faciliter votre inscription aux prochaines vacances subventionn\u00e9es (VJ\/VA), <strong>prenez quelques minutes pour d\u00e9poser votre avis d\u2019imp\u00f4ts 2021<\/strong> dans la rubrique <a href=\"https:\/\/panorama.csecaf.fr\/infosperso\">\u00ab\u00a0Mes informations personnelles\/Mon niveau d&rsquo;imposition\/Mes pi\u00e8ces justificatives\u00a0\u00bb<\/a> et mettre \u00e0 jour vos donn\u00e9es dans Panoram@ (mail, contacts&#8230;). En anticipant cette d\u00e9marche, vous pourrez non seulement simuler votre Taux de Subvention Individualis\u00e9 (TSI)* mais \u00e9galement avoir l\u2019esprit tranquille toute l\u2019ann\u00e9e.<br \/>\n<strong>Afin d&rsquo;\u00e9viter tout traitement inutile et une r\u00e9ponse n\u00e9gative \u00e0 votre demande, le simulateur devient d\u00e9sormais obligatoire pour pouvoir t\u00e9l\u00e9charger vos documents.<\/strong><\/p>\n<p style=\"text-align: left;\"><span class=\"titre_21\">Partiellement effectives en 2021 en raison de la pand\u00e9mie, les nouvelles r\u00e8gles de r\u00e9partition de la subvention et d&rsquo;affectation seront appliqu\u00e9es d\u00e8s les inscriptions d&rsquo;hiver\/printemps (21 jours subventionn\u00e9s max par an). <a href=\"https:\/\/panorama.csecaf.fr\/subvention\">Prenez le temps de consulter une nouvelle fois ce nouveau dispositif sur Panoram@<\/a><\/span><\/p>\n<table border=\"0\" width=\"100%\">\n<tbody>\n<tr>\n<td style=\"text-align: center;\"><strong>VOUS RECHERCHEZ UNE INFORMATION ?<br \/>\nD\u00e9sormais, vous pouvez consulter la foire aux questions de Panoram@<br \/>\nAfin de simplifier votre recherche d&rsquo;informations et trouver une r\u00e9ponse plus rapidement, rdv sur la <a href=\"https:\/\/panorama.csecaf.fr\/faq\">FAQ<\/a> depuis la page d&rsquo;accueil de Panoram@.<\/strong><\/td>\n<\/tr>\n<\/tbody>\n<\/table>\n<\/td>\n<\/tr>\n<tr align=\"center\">\n<td><a href=\"https:\/\/panorama.csecaf.fr\/contact\"><img decoding=\"async\" loading=\"lazy\" src=\"https:\/\/www.csecaf.fr\/mailpanorama\/panoramainfos251\/panoram@infos_footer_251.jpg\" alt=\"panorama\" usemap=\"#Map3MapMap\" width=\"744\" height=\"138\" border=\"0\" \/><\/a><\/td>\n<\/tr>\n<\/tbody>\n<\/table>\n","protected":false},"excerpt":{"rendered":"<p>L\u2019hiver vous appartient&#8230; il est temps de partir vous mettre au frais ! Cette ann\u00e9e le programme d\u2019hiver\/printemps vous propose pr\u00e8s de 80 destinations. Joies de la glisse ou \u00e9vasion&#8230; il y en a pour toutes les envies. Si vous \u00eates en froid avec l\u2019hiver, partez vous r\u00e9chauffer ! aux Canaries, en R\u00e9publique dominicaine, ou &hellip;<\/p>\n","protected":false},"author":9,"featured_media":4146,"comment_status":"closed","ping_status":"closed","sticky":false,"template":"","format":"standard","meta":{"footnotes":""},"categories":[62,36,56],"tags":[157,188,176,174,104,184,185,192,167,103,170,177,181],"_links":{"self":[{"href":"https:\/\/www.csecaf.fr\/index.php?rest_route=\/wp\/v2\/posts\/4147"}],"collection":[{"href":"https:\/\/www.csecaf.fr\/index.php?rest_route=\/wp\/v2\/posts"}],"about":[{"href":"https:\/\/www.csecaf.fr\/index.php?rest_route=\/wp\/v2\/types\/post"}],"author":[{"embeddable":true,"href":"https:\/\/www.csecaf.fr\/index.php?rest_route=\/wp\/v2\/users\/9"}],"replies":[{"embeddable":true,"href":"https:\/\/www.csecaf.fr\/index.php?rest_route=%2Fwp%2Fv2%2Fcomments&post=4147"}],"version-history":[{"count":2,"href":"https:\/\/www.csecaf.fr\/index.php?rest_route=\/wp\/v2\/posts\/4147\/revisions"}],"predecessor-version":[{"id":4149,"href":"https:\/\/www.csecaf.fr\/index.php?rest_route=\/wp\/v2\/posts\/4147\/revisions\/4149"}],"wp:featuredmedia":[{"embeddable":true,"href":"https:\/\/www.csecaf.fr\/index.php?rest_route=\/wp\/v2\/media\/4146"}],"wp:attachment":[{"href":"https:\/\/www.csecaf.fr\/index.php?rest_route=%2Fwp%2Fv2%2Fmedia&parent=4147"}],"wp:term":[{"taxonomy":"category","embeddable":true,"href":"https:\/\/www.csecaf.fr\/index.php?rest_route=%2Fwp%2Fv2%2Fcategories&post=4147"},{"taxonomy":"post_tag","embeddable":true,"href":"https:\/\/www.csecaf.fr\/index.php?rest_route=%2Fwp%2Fv2%2Ftags&post=4147"}],"curies":[{"name":"wp","href":"https:\/\/api.w.org\/{rel}","templated":true}]}}