{"id":4132,"date":"2021-09-24T10:35:20","date_gmt":"2021-09-24T09:35:20","guid":{"rendered":"\/?p=4132"},"modified":"2021-10-26T11:50:01","modified_gmt":"2021-10-26T10:50:01","slug":"les-vacances-dhiver-approchent-il-est-temps-de-faire-votre-choix","status":"publish","type":"post","link":"https:\/\/www.csecaf.fr\/?p=4132","title":{"rendered":"Les vacances d\u2019hiver approchent, il est temps de faire votre choix !"},"content":{"rendered":"<p><strong>Au programme, ce sont 27 destinations qui raviront petits et grands. Plaisirs de la glisse pour les sportifs ou \u00e9vasion pour les aventuriers&#8230; vos enfants vont embarquer pour des s\u00e9jours qui ne les laisseront pas de glace. De 6 \u00e0 17 ans, d\u00e9butants, confirm\u00e9s et esth\u00e8tes de la glisse qui n\u2019ont pas froid aux yeux, l\u2019exp\u00e9rience s\u2019annonce \u00e9pique. Quant aux itin\u00e9rants, pas le temps d\u2019hiberner, c&rsquo;est le moment de repartir d\u00e9couvrir le monde.\u00a0Place aux inscriptions du 28 septembre au 12 octobre 2021.<\/strong><\/p>\n<p><span class=\"titre_21\"><strong>Valloire : ski ou surf (avec encadrement CSEC)<\/strong>\u00a0<\/span><span class=\"titre_66\">11\/17 ans<br \/>\n<\/span>La station de ski anim\u00e9e de Valloire est reli\u00e9e au domaine du Galibier situ\u00e9 \u00e0 2642 m d\u2019altitude. Elle poss\u00e8de 150 km de pistes. Vous serez h\u00e9berg\u00e9s dans un chalet en pied de piste, exclusivement r\u00e9serv\u00e9 au groupe du CSEC Air France. Nous vous proposons en plus du ski ou du surf des activit\u00e9s telles que le snake-gliss, une randonn\u00e9e raquettes, un bowling ainsi que la possibilit\u00e9 de faire une veill\u00e9e dans la c\u00e9l\u00e8bre patinoire Philippe Candeloro. Vous profiterez \u00e9galement de la vie locale et des sp\u00e9cialit\u00e9s de la r\u00e9gion. De nombreuses animations sont organis\u00e9es par la station (ski show, feu d\u2019artifice&#8230;), sans oublier les veill\u00e9es anim\u00e9es par l\u2019\u00e9quipe d\u2019encadrement.<\/p>\n<p><span class=\"titre_21\"><strong>Seytroux : Chez la cousine \u00e0 la neige (clef en main)<\/strong>\u00a0<\/span><span class=\"titre_665\"><strong>6\/11 ans<\/strong><br \/>\n<\/span><strong>Des vacances comme en famille \u00e0 la montagne avec plein d\u2019activit\u00e9s autour de la neige.<\/strong>\u00a0Le Chalet l\u2019Echo des montagnes est situ\u00e9 en pleine montagne, perdu au c\u0153ur d\u2019une nature \u00e9blouissante. Il est le lieu r\u00eav\u00e9 pour passer des vacances d\u2019hiver \u00e0 la montagne. Et si le temps n\u2019est pas au beau fixe, l\u2019int\u00e9rieur chaleureux et cocoonning de ce joli chalet offre aux jeunes des moments plein de douceur. Il est g\u00e9r\u00e9 par une \u00e9quipe bienveillante et pleine d\u2019enthousiasme. A quelques centaines de m\u00e8tres du pied des pistes, d\u2019une rivi\u00e8re, d\u2019un lac et de la for\u00eat, ce petit lieu de paradis est un bijou dans un \u00e9crin de nature. Au programme de ce s\u00e9jour aux activit\u00e9s vari\u00e9es: cuisine, d\u00e9couverte de la conduite d\u2019un attelage, journ\u00e9e trappeur, sortie en raquettes, d\u00e9couverte de l\u2019artisanat et bien s\u00fbr la piscine chauff\u00e9e de Morzine et la patinoire !<\/p>\n<p><span class=\"titre_21\"><strong>American Campus<\/strong>\u00a0<\/span><span class=\"titre_6651\"><strong>16\/17 ans<\/strong><br \/>\n<\/span>Un s\u00e9jour linguistique inoubliable sur un campus am\u00e9ricain avec la d\u00e9couverte de New York! C\u2019est sur le campus de la Drew University que tu vivras ta plus belle exp\u00e9rience am\u00e9ricaine: plus de 2000 \u00e9tudiants qui viennent de 50 pays diff\u00e9rents y font leurs \u00e9tudes. Cette universit\u00e9 porte le surnom de \u2018 University in the forest \u2018. Elle est situ\u00e9e dans un parc arbor\u00e9 de 75 hectares qui abrite de nombreuses esp\u00e8ces animales (oiseaux, poissons, tortues&#8230;). Les matin\u00e9es sont consacr\u00e9es au cours d\u2019anglais (30 cours de 55 minutes) qui seront dispens\u00e9s par un(e) professeur(e) anglophone. Les apr\u00e8s-midi sont consacr\u00e9s \u00e0 la d\u00e9couverte de New York, la Big Apple ! La station de transports est \u00e0 5 minutes de l\u2019universit\u00e9. Au programme: Central Park, Colombus Circle, M\u00e9tropolitan Museum of Art, Times Square, le MOMA et sa proche 5th Avenue, Word Trade Center et le quartier de Wall Street, Chelsea Market, Greenwich village, Ellis island et la statue de la Libert\u00e9, St Patrick\u2019s Cath\u00e9dral, l\u2019observatoire de Top of the Rock, les quartiers de Soho, Little Italy, Chinatown etc.. Les soir\u00e9es et d\u00eeners seront partag\u00e9s entre des moments \u00e0 Manhattan et des activit\u00e9s sur le campus.<\/p>\n<p><span class=\"titre_21\"><strong>Le Cap-Vert en grandeur nature !\u00a0<\/strong><\/span><span class=\"titre_66511\"><strong>Itin\u00e9rants 14\/15 ans<\/strong><br \/>\n<\/span>Une envie de belles plages et de nature luxuriante ? ce s\u00e9jour itin\u00e9rant vous fera d\u00e9couvrir l&rsquo;\u00eele de Santiago r\u00e9put\u00e9e pour sa culture cr\u00e9ole afro-portugaise qui vous laissera sans voix ! Santiago, la plus grande \u00cele du Cap-Vert, est un lieu surprenant o\u00f9 se m\u00ealent en parfaite harmonie les traditions africaines et portugaises. Situ\u00e9 dans le sud du pays, au large de la c\u00f4te ouest africaine, ce territoire abrite plus de la moiti\u00e9 de la population capverdienne, et constitue le principal p\u00f4le touristique. Elle est surtout connue pour ses plages et ses villes coloniales uniques, ainsi que pour sa riche histoire et sa beaut\u00e9 naturelle. Au programme : Praia la capitale du Cap-Vert et la plage de Quebra Canela, un paradis pour les surfeurs et les amateurs de ski nautique, cidade Velha, Pico da Antonia avec une panoramique sur toute l&rsquo;\u00eele de Santiago, Serra Malagueta et son vaste r\u00e9seau de sentiers traversant des for\u00eats luxuriantes abritant d&rsquo;importantes esp\u00e8ces menac\u00e9es ou encore Tarrafal..<\/p>\n<p><span class=\"titre_21\"><strong>Costa Rica\u00a0<\/strong><\/span><span class=\"titre_665111\"><strong>Itin\u00e9rants 16\/17 ans<\/strong><br \/>\n<\/span>Ce paradis moderne de la biodiversit\u00e9 offre tout \u00e0 la fois des plages de r\u00eave et des for\u00eats verdoyantes \u00e0 couper le souffle, des volcans au c\u0153ur de parcs naturels prot\u00e9g\u00e9s, des sommets vertigineux, la jungle la plus \u00e9paisse, des mangroves inextricables et deux oc\u00e9ans aux vagues parfois impressionnantes ! Au programme d\u00e9couverte de San Jos\u00e9 la capitale qui se distingue par ses b\u00e2timents coloniaux espagnols. Puis d\u00e9part en direction de la ville Arenal pour d\u00e9couvrir le parc national et son fameux volcan. La prochaine \u00e9tape est Monteverde dont sa r\u00e9serve naturelle est l\u2019une des plus remarquable d&rsquo;Am\u00e9rique centrale. Le circuit prendra fin sur la ville de Taramindo, r\u00e9put\u00e9 pour sa plage sa vie nocturne et c\u2019est la plaque tournante de la culture surf du pays sur la c\u00f4te pacifique.<\/p>\n<p><em>NB : par mesure de prudence, le CSEC AF pr\u00e9voit un plan B avec des s\u00e9jours au printemps si la pand\u00e9mie de la Covid-19 et la programmation des vols nous obligeaient \u00e0 annuler les destinations pr\u00e9vues.<\/em><br \/>\n<em>Pour rappel, le r\u00e8glement des colos (pr\u00e9l\u00e8vements sur salaire), ne s\u2019effectue qu\u2019un mois apr\u00e8s le d\u00e9part. Si nous venions \u00e0 les annuler, aucun frais ne sera bien s\u00fbr engag\u00e9.<\/em><\/p>\n<p><em>Important : si nous mettons tout en oeuvre pour rendre nos s\u00e9jours les plus agr\u00e9ables possibles, la r\u00e9ussite de ceux-ci d\u00e9pend en grande partie de l\u2019engagement de chacun dans le groupe, du respect envers les autres et surtout des r\u00e8gles de vie en communaut\u00e9. Il est n\u00e9cessaire de se montrer tol\u00e9rant et respectueux envers ses camarades, l\u2019\u00e9quipe d\u2019encadrement et de direction. Les jeunes doivent adh\u00e9rer, en parfaite connaissance de cause, \u00e0 ces r\u00e8gles et principes clairement \u00e9nonc\u00e9s afin que l\u2019exp\u00e9rience soit agr\u00e9able pour tout le monde.<\/em><\/p>\n<p><span class=\"titre_21\">D\u00e9couvrez l&rsquo;ensemble du programme hiver\/printemps 2022\u00a0<strong>pour des inscriptions du 28 septembre au 12 octobre inclus<\/strong>\u00a0sur Panoram@.<\/span><\/p>\n<p>Pour faciliter votre inscription aux prochaines vacances subventionn\u00e9es (VJ\/VA),\u00a0<strong>prenez quelques minutes pour d\u00e9poser votre avis d\u2019imp\u00f4ts 2021<\/strong>\u00a0dans la rubrique\u00a0<a href=\"https:\/\/panorama.csecaf.fr\/infosperso\">\u00ab\u00a0Mes informations personnelles\/Mon niveau d&rsquo;imposition\/Mes pi\u00e8ces justificatives\u00a0\u00bb<\/a>\u00a0et mettre \u00e0 jour vos donn\u00e9es dans Panoram@ (mail, contacts&#8230;). En anticipant cette d\u00e9marche, vous pourrez non seulement simuler votre Taux de Subvention Individualis\u00e9 (TSI)* mais \u00e9galement avoir l\u2019esprit tranquille toute l\u2019ann\u00e9e.<br \/>\n<strong>Afin d&rsquo;\u00e9viter tout traitement inutile et une r\u00e9ponse n\u00e9gative \u00e0 votre demande, le simulateur devient d\u00e9sormais obligatoire pour pouvoir t\u00e9l\u00e9charger vos documents.<\/strong><\/p>\n<p><span class=\"titre_21\">Partiellement effectives en 2021 en raison de la pand\u00e9mie, les nouvelles r\u00e8gles de r\u00e9partition de la subvention et d&rsquo;affectation seront appliqu\u00e9es d\u00e8s les inscriptions d&rsquo;hiver\/printemps (21 jours subventionn\u00e9s max par an et par enfant).\u00a0<a href=\"https:\/\/panorama.csecaf.fr\/subvention\">Prenez le temps de consulter une nouvelle fois ce nouveau dispositif sur Panoram@<\/a><\/span><\/p>\n","protected":false},"excerpt":{"rendered":"<p>Au programme, ce sont 27 destinations qui raviront petits et grands. Plaisirs de la glisse pour les sportifs ou \u00e9vasion pour les aventuriers&#8230; vos enfants vont embarquer pour des s\u00e9jours qui ne les laisseront pas de glace. De 6 \u00e0 17 ans, d\u00e9butants, confirm\u00e9s et esth\u00e8tes de la glisse qui n\u2019ont pas froid aux yeux, &hellip;<\/p>\n","protected":false},"author":9,"featured_media":4134,"comment_status":"closed","ping_status":"closed","sticky":false,"template":"","format":"standard","meta":{"footnotes":""},"categories":[62,36,56],"tags":[157,188,176,174,104,184,185,192,167,103,170,177,181],"_links":{"self":[{"href":"https:\/\/www.csecaf.fr\/index.php?rest_route=\/wp\/v2\/posts\/4132"}],"collection":[{"href":"https:\/\/www.csecaf.fr\/index.php?rest_route=\/wp\/v2\/posts"}],"about":[{"href":"https:\/\/www.csecaf.fr\/index.php?rest_route=\/wp\/v2\/types\/post"}],"author":[{"embeddable":true,"href":"https:\/\/www.csecaf.fr\/index.php?rest_route=\/wp\/v2\/users\/9"}],"replies":[{"embeddable":true,"href":"https:\/\/www.csecaf.fr\/index.php?rest_route=%2Fwp%2Fv2%2Fcomments&post=4132"}],"version-history":[{"count":1,"href":"https:\/\/www.csecaf.fr\/index.php?rest_route=\/wp\/v2\/posts\/4132\/revisions"}],"predecessor-version":[{"id":4133,"href":"https:\/\/www.csecaf.fr\/index.php?rest_route=\/wp\/v2\/posts\/4132\/revisions\/4133"}],"wp:featuredmedia":[{"embeddable":true,"href":"https:\/\/www.csecaf.fr\/index.php?rest_route=\/wp\/v2\/media\/4134"}],"wp:attachment":[{"href":"https:\/\/www.csecaf.fr\/index.php?rest_route=%2Fwp%2Fv2%2Fmedia&parent=4132"}],"wp:term":[{"taxonomy":"category","embeddable":true,"href":"https:\/\/www.csecaf.fr\/index.php?rest_route=%2Fwp%2Fv2%2Fcategories&post=4132"},{"taxonomy":"post_tag","embeddable":true,"href":"https:\/\/www.csecaf.fr\/index.php?rest_route=%2Fwp%2Fv2%2Ftags&post=4132"}],"curies":[{"name":"wp","href":"https:\/\/api.w.org\/{rel}","templated":true}]}}