{"id":4128,"date":"2021-09-21T14:33:39","date_gmt":"2021-09-21T13:33:39","guid":{"rendered":"\/?p=4128"},"modified":"2021-09-21T14:36:15","modified_gmt":"2021-09-21T13:36:15","slug":"4128","status":"publish","type":"post","link":"https:\/\/www.csecaf.fr\/?p=4128","title":{"rendered":"VA : bient\u00f4t les inscriptions Hiver\/Printemps 2022"},"content":{"rendered":"<p><strong>A vos \u00ab posts \u00bb ! Les inscriptions aux Vacances adultes subventionn\u00e9es arrivent \u00e0 grands pas d\u00e8s le 5 octobre et jusqu&rsquo;au 19 inclus. Durant cette p\u00e9riode, prenez votre temps et laissez-vous inspirer. En France ou \u00e0 l\u2019\u00e9tranger, envisagez votre hiver comme bon vous semble et r\u00e9servez votre petit coin de paradis en bord de mer ou au pied des pistes. En compl\u00e9ment des s\u00e9jours subventionn\u00e9s n\u00e9cessitant un d\u00e9lai de traitement, faites le plein de nouveaut\u00e9s et de tentations via l\u2019appli Panoram@ pour y d\u00e9couvrir les offres en affectation imm\u00e9diate ainsi que les offres essentiels en cours et \u00e0 venir.<\/strong><\/p>\n<p><span class=\"titre_21\"><strong>Le Roc Belle Face**** \u2013 (Lagrange) \u2013 Arc 1600<\/strong><br \/>\n<\/span><span class=\"titre_66\">S\u00e9jour en location<br \/>\n<\/span>Station \u00e0 taille humaine et avant tout familiale, Arc 1600 offre de nombreuses activit\u00e9s ludiques et conviviales. Situ\u00e9e au centre de la station, \u00e0 l\u2019arriv\u00e9e du funiculaire (liaison Bourg-Saint-Maurice en 7mn) et \u00e0 50m du nouveau t\u00e9l\u00e9si\u00e8ge du Mont Blanc, la r\u00e9sidence Lagrange Vacances Le Roc Belle Face**** y occupe un emplacement de choix au pied des pistes.<br \/>\n<span class=\"titre_613\">Les + : d\u00e9part et retour skis aux pieds.<\/span><br \/>\n<strong>9J\/8N du 18 au 26\/12\/21 (samedi\/dimanche) \u2022 8J\/7N du 26\/12\/21 au 9\/1\/22 (dimanche\/dimanche) \u2022 7J\/6N du 9 au 15\/1\/22 (dimanche \/ samedi) \u2022 8J\/7N \u00e0 compter du 15\/1\/22 (samedi\/samedi).<\/strong><\/p>\n<p><span class=\"titre_21\"><strong>R\u00e9sidence Alp&rsquo;Auris*** \u2013 (Vacanc\u00e9ole) \u2013 Auris-en-Oisans<\/strong><br \/>\n<\/span><span class=\"titre_665\"><span class=\"titre_666\">S\u00e9jour en location<\/span><br \/>\n<\/span>Bienvenue dans votre r\u00e9sidence de vacances Alp\u2019Auris*** \u00e0 Auris-en-Oisans \u00e0 seulement 11km de l\u2019Alpe d\u2019Huez ! Perch\u00e9e \u00e0 1600m d\u2019altitude, cette toute nouvelle r\u00e9sidence est con\u00e7ue dans une d\u00e9marche d\u2019\u00e9co-responsable ! Avec une magnifique exposition plein sud, votre location de vacances au ski Alp\u2019Auris*** tourne son regard vers le magnifique panorama qu\u2019offre la belle montagne du bassin de l\u2019Oisans, la Meije et ses glaciers.<br \/>\n<strong><span class=\"titre_6131\">Les + : r\u00e9sidence neuve \/ piscine couverte (petit et grand bassin) \/ \u00e0 5mn \u00e0 pied centre station, \u00e0 c\u00f4t\u00e9 de l\u2019Office de Tourisme Espace bien-\u00eatre (hammam + sauna) \/ skis aux pieds \/ parking couvert \/ casiers \u00e0 skis.<br \/>\n<\/span>9J\/8N du 18 au 26\/12\/21 (samedi\/dimanche) \u2022 8J\/7N du 26\/12\/21 au 2\/1\/22 (dimanche\/dimanche) \u2022 8J\/7N \u00e0 compter du 8\/1\/22 (samedi\/samedi).<\/strong><\/p>\n<p><span class=\"titre_21\"><strong>Club Belambra \u2013 Tignes Le Diva<\/strong><br \/>\n<\/span><span class=\"titre_6651\"><span class=\"titre_6661\">S\u00e9jour en demi-pension<\/span><br \/>\n<\/span>Proche d\u2019un funiculaire direct pour le glacier de la Grande Motte, l\u2019\u00e9l\u00e9gant Belambra Club S\u00e9lection \u00ab Le Diva \u00bb est id\u00e9alement implant\u00e9 au c\u0153ur m\u00eame de Tignes, station sportive par excellence avec plus de 300 km de pistes. Au retour du ski, plusieurs solutions pour se d\u00e9tendre : outre les chambres avec vues sur les cimes des Alpes, le bar avec son coin chemin\u00e9e ou l\u2019espace BelaSpa.<br \/>\n<strong><span class=\"titre_61312\">Les + : sur l\u2019un des plus beaux domaines skiables au monde : l\u2019espace Killy (Tignes + Val d\u2019Is\u00e8re) \/ Club \u00e0 2 mn des pistes \/ Dans le centre-ville anim\u00e9 de la station \/ Terrasse solarium, espace bien-\u00eatre \/ Buffets savoureux au restaurant panoramique s&rsquo;ouvrant sur une terrasse face aux pistes.<br \/>\n<\/span>8J\/7N du 18\/12\/21 au 1\/1\/22 et du 15\/1 au 23\/4\/22 (samedi\/samedi).<\/strong><\/p>\n<p><span class=\"titre_21\"><strong>Circuit Islande, vols inclus<\/strong><br \/>\n<\/span><span class=\"titre_66511\"><strong>S\u00e9jour tout compris vols inclus<\/strong><br \/>\n<\/span>Vous r\u00eavez de paysages hors du commun, de d\u00e9couvrir la nature l\u2019\u00e9tat brut, de vacances \u00e0 quelques heures de la France et de l\u2019Europe Continentale, qui vous permettront de d\u00e9couvrir la glace, le volcanisme, les aurores bor\u00e9ales, les magnifiques fjords, les sources d\u2019eau chaude ou encore des d\u00e9serts de cendres \u00e0 perte de vue ? Alors envolez-vous vers l&rsquo;Islande, vous y d\u00e9couvrirez un monde \u00e0 part et une \u00e9tonnante vari\u00e9t\u00e9 de paysages : fjords, glaciers, chutes et geysers, glaciers, \u00e9tendues sauvages. Des merveilles qui font de l\u2018Islande un monde \u00e0 part !<br \/>\n<strong><span class=\"titre_613121\">Les + : les eaux du Blue Lagoon \/ les fameuses chutes de Gulfoss.<br \/>\n<\/span>6J\/5N du 24 au 29\/4\/22<\/strong><\/p>\n<p><span class=\"titre_21\"><strong>Village-club de Noirmoutier *** \u2013 (Mil\u00e9ade<\/strong>)<br \/>\n<\/span><span class=\"titre_665112\"><strong>S\u00e9jour location<\/strong><br \/>\n<\/span>L&rsquo;\u00eele s&rsquo;est mise aux couleurs vives. Les enseignes ont \u00e9t\u00e9 repeintes, on a nettoy\u00e9 les v\u00e9los, au moindre \u00e9clat, on l\u00e9zarde sur la plage, ravi sous un soleil bienfaisant, c&rsquo;est bon d&rsquo;\u00eatre au grand air ! Imperceptiblement la lumi\u00e8re change, les arbres et les haies s\u2019habillent de jeunes pousses, les oiseaux s&rsquo;activent\u2026 On change de rythme pour ronronner sous les premiers rayons. Tous les rep\u00e8res du printemps \u00e0 Noirmoutier sont visibles&#8230; Situ\u00e9 dans un cadre naturel d\u2019exception, au c\u0153ur d&rsquo;une pin\u00e8de, le village vacances de Noirmoutier vous accueille \u00e0 500 m\u00e8tres de la plage. Son Spa marin et la proximit\u00e9 de l\u2019oc\u00e9an en font un lieu propice \u00e0 la d\u00e9tente. Nous vous invitons \u00e0 partir \u00e0 la d\u00e9couverte de l\u2019\u00eele et de la c\u00f4te vend\u00e9enne.<br \/>\n<strong><span class=\"titre_6131211\">Les + : village enti\u00e8rement r\u00e9nov\u00e9 en 2021 \/ piscine int\u00e9rieure chauff\u00e9e et l\u2019espace bien-\u00eatre en acc\u00e8s libre \/ oc\u00e9an \u00e0 500 m \/ baignade possible \u00e0 2 km.<br \/>\n<\/span>8J\/7N du 16\/04 au 04\/06\/2022 (samedi\/samedi)<\/strong>.<\/p>\n<p><span class=\"titre_21\"><strong>H\u00f4tel Kiwenga Beach ****NL \u2013 Zanzibar<\/strong><br \/>\n<\/span><span class=\"titre_66512\"><strong>S\u00e9jour tout compris vols inclus<\/strong><br \/>\n<\/span>Au large de la Tanzanie, Zanzibar r\u00e9sonne toujours de contes orientaux peupl\u00e9s de princesses voil\u00e9es, de r\u00e9cits pav\u00e9s d&rsquo;or, d&rsquo;ivoire et d&rsquo;\u00e9pices capiteuses. Jadis favorite des sultans, carrefour des grands explorateurs, le pays a su conserver avec une certaine fiert\u00e9 un parfum de myst\u00e8res. Situ\u00e9 sur la c\u00f4te Nord Est, de cat\u00e9gorie 4* NL, L&rsquo;h\u00f4tel Kiwenga Beach est construit dans un style purement traditionnel : toits de chaume, petites unit\u00e9s de bungalows chambres. Il borde la longue et belle plage de Kiwengwa. Il se situe \u00e0 35 km de la Capitale Stonetown et a 45 mn de l&rsquo;a\u00e9roport.<br \/>\n<strong><span class=\"titre_613122\">Les + : plages de sable blanc, parmi les plus belles du monde, face \u00e0 une mer aux d\u00e9grad\u00e9s de turquoise \/ inscription de Zanzibar au patrimoine mondial de l&rsquo;Unesco.<br \/>\n<\/span>10J\/7N du du 11 au 20\/4\/22.<\/strong><\/p>\n<p><span class=\"titre_21\">D\u00e9couvrez l&rsquo;ensemble du programme hiver\/printemps 2022 le<strong>\u00a05 octobre pour des inscriptions jusqu&rsquo;au 19 octobre inclus<\/strong>\u00a0sur Panoram@.<\/span><\/p>\n<p>Pour faciliter votre inscription aux prochaines vacances subventionn\u00e9es (VJ\/VA),\u00a0<strong>prenez quelques minutes pour d\u00e9poser votre avis d\u2019imp\u00f4ts 2021<\/strong>\u00a0dans la rubrique\u00a0<a href=\"https:\/\/panorama.csecaf.fr\/infosperso\">\u00ab\u00a0Mes informations personnelles\/Mon niveau d&rsquo;imposition\/Mes pi\u00e8ces justificatives\u00a0\u00bb<\/a>\u00a0et mettre \u00e0 jour vos donn\u00e9es dans Panoram@ (mail, contacts&#8230;). En anticipant cette d\u00e9marche, vous pourrez non seulement simuler votre Taux de Subvention Individualis\u00e9 (TSI)* mais \u00e9galement avoir l\u2019esprit tranquille toute l\u2019ann\u00e9e.<br \/>\n<strong>Afin d&rsquo;\u00e9viter tout traitement inutile et une r\u00e9ponse n\u00e9gative \u00e0 votre demande, le simulateur devient d\u00e9sormais obligatoire pour pouvoir t\u00e9l\u00e9charger vos documents.<\/strong><\/p>\n<p><strong>Pensez \u00e0 mettre r\u00e9guli\u00e8rement vos informations \u00e0 jour, contacts, e-mails dans vos informations personnelles sur Panoram@.<\/strong><\/p>\n<div><\/div>\n","protected":false},"excerpt":{"rendered":"<p>A vos \u00ab posts \u00bb ! Les inscriptions aux Vacances adultes subventionn\u00e9es arrivent \u00e0 grands pas d\u00e8s le 5 octobre et jusqu&rsquo;au 19 inclus. Durant cette p\u00e9riode, prenez votre temps et laissez-vous inspirer. En France ou \u00e0 l\u2019\u00e9tranger, envisagez votre hiver comme bon vous semble et r\u00e9servez votre petit coin de paradis en bord de &hellip;<\/p>\n","protected":false},"author":9,"featured_media":4125,"comment_status":"closed","ping_status":"closed","sticky":false,"template":"","format":"standard","meta":{"footnotes":""},"categories":[62,36,56],"tags":[157,188,176,106,120,95],"_links":{"self":[{"href":"https:\/\/www.csecaf.fr\/index.php?rest_route=\/wp\/v2\/posts\/4128"}],"collection":[{"href":"https:\/\/www.csecaf.fr\/index.php?rest_route=\/wp\/v2\/posts"}],"about":[{"href":"https:\/\/www.csecaf.fr\/index.php?rest_route=\/wp\/v2\/types\/post"}],"author":[{"embeddable":true,"href":"https:\/\/www.csecaf.fr\/index.php?rest_route=\/wp\/v2\/users\/9"}],"replies":[{"embeddable":true,"href":"https:\/\/www.csecaf.fr\/index.php?rest_route=%2Fwp%2Fv2%2Fcomments&post=4128"}],"version-history":[{"count":3,"href":"https:\/\/www.csecaf.fr\/index.php?rest_route=\/wp\/v2\/posts\/4128\/revisions"}],"predecessor-version":[{"id":4131,"href":"https:\/\/www.csecaf.fr\/index.php?rest_route=\/wp\/v2\/posts\/4128\/revisions\/4131"}],"wp:featuredmedia":[{"embeddable":true,"href":"https:\/\/www.csecaf.fr\/index.php?rest_route=\/wp\/v2\/media\/4125"}],"wp:attachment":[{"href":"https:\/\/www.csecaf.fr\/index.php?rest_route=%2Fwp%2Fv2%2Fmedia&parent=4128"}],"wp:term":[{"taxonomy":"category","embeddable":true,"href":"https:\/\/www.csecaf.fr\/index.php?rest_route=%2Fwp%2Fv2%2Fcategories&post=4128"},{"taxonomy":"post_tag","embeddable":true,"href":"https:\/\/www.csecaf.fr\/index.php?rest_route=%2Fwp%2Fv2%2Ftags&post=4128"}],"curies":[{"name":"wp","href":"https:\/\/api.w.org\/{rel}","templated":true}]}}