{"id":4126,"date":"2021-09-21T14:29:41","date_gmt":"2021-09-21T13:29:41","guid":{"rendered":"\/?p=4126"},"modified":"2021-10-26T11:49:55","modified_gmt":"2021-10-26T10:49:55","slug":"vj-bientot-les-inscriptions-hiver-printemps-2022","status":"publish","type":"post","link":"https:\/\/www.csecaf.fr\/?p=4126","title":{"rendered":"VJ : bient\u00f4t les inscriptions Hiver\/Printemps 2022"},"content":{"rendered":"<p><strong>Avec plus de 1300 places disponibles sur 27 colos diff\u00e9rentes, le programme proposera +44% d&rsquo;offres par rapport \u00e0 l\u2019hiver 2021, qui malheureusement n\u2019avait pas pu tenir ses promesses en raison de la pand\u00e9mie. L\u2019hiver, c\u2019est pratiquer \u00e0 fond les sports de glisse et frissonner de plaisir entre 4 et 17 ans. L\u2019hiver, c\u2019est aussi am\u00e9liorer son anglais \u00e0 Green Park ou d\u00e9fier le froid Islandais. Mais l\u2019hiver, c\u2019est \u00e9galement faire un pied de nez \u00e0 la neige avec des destinations soleil comme le Mexique, l\u2019Afrique du Sud ou encore Duba\u00ef et le Costa Rica.<\/strong><\/p>\n<p><span class=\"titre_21\"><strong>Mes premi\u00e8res glissades \u00e0 Bernex &#8211; Maternelle \/ Sp\u00e9cial fratrie<\/strong><br \/>\n<\/span><span class=\"titre_66\">4\/12 ans<br \/>\n<\/span>On skie un peu, on s\u2019amuse beaucoup (igloo, luge, chansons, comptines, etc.) et on rit \u00e0 la folie ! Dans le tr\u00e8s joli chalet \u201cl\u2019Ourson Malin\u201d, les p\u2019tits skieurs \u00e2g\u00e9s de 4 \u00e0 5 ans apprivoiseront en douceur la neige sous le regard constant et bienveillant d\u2019un moniteur dipl\u00f4m\u00e9 de l\u2019Ecole du Ski Fran\u00e7ais. Les plus jeunes pourront retrouver leur fr\u00e8re ou leur s\u0153ur car c&rsquo;est une colonie qui accueillera les enfants de 4 \u00e0 12 ans. Comme pour toutes nos colos destin\u00e9es aux enfants \u00e2g\u00e9s de 4 \u00e0 5 ans, nous redoublons d\u2019attention et de douceur pour que vos enfants reviennent la frimousse pleine d\u2019\u00e9toiles.<\/p>\n<p><span class=\"titre_21\"><strong>Jeunes de la RUN : chaussez vos skis, direction St-Pons<\/strong><br \/>\n<\/span><span class=\"titre_665\"><strong>6\/17 ans<\/strong><br \/>\n<\/span>Cet hiver, on troque les tongues pour les skis et les plaisirs des sports d\u2019hiver. Avec pour terrains de jeu les domaines skiables de Sauze et de Praloup, deux stations baign\u00e9es de soleil, place \u00e0 la pratique du ski dans toute sa diversit\u00e9 : bosses, pistes dans les bois, grands boulevards&#8230; \u00e0 chacun son style. Avec 3 th\u00e8mes au choix : ski, surf ou multi activit\u00e9s (avec 2 nouvelles activit\u00e9s : initiation au Snowscoot et descentes en luge sur rails \u00ab\u00a0Alpine coaster\u00a0\u00bb !)<\/p>\n<p><span class=\"titre_21\"><strong>Winter is coming, let the magic begin &#8211; Green Park<\/strong><br \/>\n<\/span><span class=\"titre_6651\"><strong>linguistiques 11\/14 ans<\/strong><br \/>\n<\/span>Voir les s\u00e9ries en anglais, c\u2019est bien. Mais apprendre la langue en live, c\u2019est mieux. Surtout \u00e0 Green Park, une pittoresque campagne vallonn\u00e9e et bois\u00e9e, dans les environs de Londres\u2026 Pour compl\u00e9ter les cours (15h\/semaine) et mettre en pratique son anglais, la capitale anglaise se d\u00e9voilera pour se changer les id\u00e9es lors d\u2019une visite de ses sites iconiques avec une croisi\u00e8re sur la Tamise of course.<\/p>\n<p><span class=\"titre_21\"><strong>Attention, aurore bor\u00e9ale en vue ! Cap sur l\u2019Islande<\/strong><br \/>\n<\/span><span class=\"titre_66511\"><strong>Itin\u00e9rants 14\/15 ans<\/strong><br \/>\n<\/span>Qui peut se vanter de s\u2019\u00eatre d\u00e9j\u00e0 baign\u00e9 dans une immense station thermale (Blue Lagoon) dont l\u2019eau turquoise oscille entre 36 et 40\u00b0en plein hiver\u00a0? D\u2019avoir embrass\u00e9 une aurore bor\u00e9ale ? D\u2019avoir tutoy\u00e9 des geysers et fr\u00f4l\u00e9 des coul\u00e9es de lave ? Cet hiver, on embarque pour l\u2019Islande et ses paysages \u00e9poustouflants.<\/p>\n<p><span class=\"titre_21\"><strong>Se laisser surprendre par le Mexique<\/strong><br \/>\n<\/span><span class=\"titre_665111\"><strong>16\/17 ans<\/strong><br \/>\n<\/span>De ce pays, on revient forc\u00e9ment l\u2019esprit \u00e9tonn\u00e9 et joyeux&#8230; D\u2019une part gr\u00e2ce \u00e0 la richesse de son patrimoine arch\u00e9ologique, forc\u00e9ment inoubliable, d\u2019autre part ses cit\u00e9s flamboyantes o\u00f9 le charme op\u00e8re in\u00e9vitablement au d\u00e9tour d\u2019une ruelle, mais aussi et \u00e7a on ne le dit jamais assez, par ses plages aux eaux transparentes, quand ce ne sont pas des cenotes. L\u2019appel des vagues est omnipr\u00e9sent !<\/p>\n<p><em>NB : par mesure de prudence, le CSEC AF pr\u00e9voit un plan B avec des s\u00e9jours au printemps si la pand\u00e9mie de la Covid-19 et la programmation des vols nous obligeaient \u00e0 annuler les destinations pr\u00e9vues.<\/em><br \/>\n<em>Pour rappel, le r\u00e8glement des colos (pr\u00e9l\u00e8vements sur salaire), ne s\u2019effectue qu\u2019un mois apr\u00e8s le d\u00e9part. Si nous venions \u00e0 les annuler, aucun frais ne sera bien s\u00fbr engag\u00e9.<\/em><\/p>\n<p><span class=\"titre_21\">D\u00e9couvrez l&rsquo;ensemble du programme hiver 2022 le<strong>\u00a028 septembre pour des inscriptions jusqu&rsquo;au 12 octobre inclus<\/strong>\u00a0sur Panoram@.<\/span><\/p>\n<p>Pour faciliter votre inscription aux prochaines vacances subventionn\u00e9es (VJ\/VA),\u00a0<strong>prenez quelques minutes pour d\u00e9poser votre avis d\u2019imp\u00f4ts 2021<\/strong>\u00a0dans la rubrique\u00a0<a href=\"https:\/\/panorama.csecaf.fr\/infosperso\">\u00ab\u00a0Mes informations personnelles\/Mon niveau d&rsquo;imposition\/Mes pi\u00e8ces justificatives\u00a0\u00bb<\/a>\u00a0et mettre \u00e0 jour vos donn\u00e9es dans Panoram@ (mail, contacts&#8230;). En anticipant cette d\u00e9marche, vous pourrez non seulement simuler votre Taux de Subvention Individualis\u00e9 (TSI)* mais \u00e9galement avoir l\u2019esprit tranquille toute l\u2019ann\u00e9e.<br \/>\n<strong>Afin d&rsquo;\u00e9viter tout traitement inutile et une r\u00e9ponse n\u00e9gative \u00e0 votre demande, le simulateur devient d\u00e9sormais obligatoire pour pouvoir t\u00e9l\u00e9charger vos documents.<\/strong><\/p>\n","protected":false},"excerpt":{"rendered":"<p>Avec plus de 1300 places disponibles sur 27 colos diff\u00e9rentes, le programme proposera +44% d&rsquo;offres par rapport \u00e0 l\u2019hiver 2021, qui malheureusement n\u2019avait pas pu tenir ses promesses en raison de la pand\u00e9mie. L\u2019hiver, c\u2019est pratiquer \u00e0 fond les sports de glisse et frissonner de plaisir entre 4 et 17 ans. L\u2019hiver, c\u2019est aussi am\u00e9liorer &hellip;<\/p>\n","protected":false},"author":9,"featured_media":4124,"comment_status":"closed","ping_status":"closed","sticky":false,"template":"","format":"standard","meta":{"footnotes":""},"categories":[62,36,56],"tags":[157,188,176,174,104,184,185,192,167,103,170,177,181],"_links":{"self":[{"href":"https:\/\/www.csecaf.fr\/index.php?rest_route=\/wp\/v2\/posts\/4126"}],"collection":[{"href":"https:\/\/www.csecaf.fr\/index.php?rest_route=\/wp\/v2\/posts"}],"about":[{"href":"https:\/\/www.csecaf.fr\/index.php?rest_route=\/wp\/v2\/types\/post"}],"author":[{"embeddable":true,"href":"https:\/\/www.csecaf.fr\/index.php?rest_route=\/wp\/v2\/users\/9"}],"replies":[{"embeddable":true,"href":"https:\/\/www.csecaf.fr\/index.php?rest_route=%2Fwp%2Fv2%2Fcomments&post=4126"}],"version-history":[{"count":1,"href":"https:\/\/www.csecaf.fr\/index.php?rest_route=\/wp\/v2\/posts\/4126\/revisions"}],"predecessor-version":[{"id":4127,"href":"https:\/\/www.csecaf.fr\/index.php?rest_route=\/wp\/v2\/posts\/4126\/revisions\/4127"}],"wp:featuredmedia":[{"embeddable":true,"href":"https:\/\/www.csecaf.fr\/index.php?rest_route=\/wp\/v2\/media\/4124"}],"wp:attachment":[{"href":"https:\/\/www.csecaf.fr\/index.php?rest_route=%2Fwp%2Fv2%2Fmedia&parent=4126"}],"wp:term":[{"taxonomy":"category","embeddable":true,"href":"https:\/\/www.csecaf.fr\/index.php?rest_route=%2Fwp%2Fv2%2Fcategories&post=4126"},{"taxonomy":"post_tag","embeddable":true,"href":"https:\/\/www.csecaf.fr\/index.php?rest_route=%2Fwp%2Fv2%2Ftags&post=4126"}],"curies":[{"name":"wp","href":"https:\/\/api.w.org\/{rel}","templated":true}]}}