{"id":4121,"date":"2021-08-17T09:54:58","date_gmt":"2021-08-17T08:54:58","guid":{"rendered":"\/?p=4121"},"modified":"2021-10-26T11:50:29","modified_gmt":"2021-10-26T10:50:29","slug":"village-vacances-de-gassin","status":"publish","type":"post","link":"https:\/\/www.csecaf.fr\/?p=4121","title":{"rendered":"Village Vacances de GASSIN"},"content":{"rendered":"<p>Dans la nuit du 16 au 17 ao\u00fbt, un important incendie s\u2019est propag\u00e9 dans le Var.<\/p>\n<p><strong>Contrairement aux informations relay\u00e9es par certains m\u00e9dias, notre village vacances de Gassin n\u2019a pas \u00e9t\u00e9 \u00e9vacu\u00e9 et n\u2019a pas \u00e9t\u00e9 inqui\u00e9t\u00e9 par les flammes.<\/strong><\/p>\n<p>La consigne donn\u00e9e par les autorit\u00e9s \u00e9tait de regrouper et mettre \u00e0 l&rsquo;abri les vacanciers et personnels dans un lieu s\u00e9curis\u00e9.<br \/>\nApr\u00e8s une nuit agit\u00e9e, les \u00e9quipes sur place rassurent les familles et se concentrent d\u00e9sormais au nettoyage du village soumis aux retomb\u00e9es de suie.<\/p>\n<p><strong>L\u2019incendie n\u2019\u00e9tant pas encore ma\u00eetris\u00e9, notre village se tient inform\u00e9 en permanence de l\u2019\u00e9volution de la situation aupr\u00e8s des autorit\u00e9s.<\/strong><\/p>\n","protected":false},"excerpt":{"rendered":"<p>Dans la nuit du 16 au 17 ao\u00fbt, un important incendie s\u2019est propag\u00e9 dans le Var. Contrairement aux informations relay\u00e9es par certains m\u00e9dias, notre village vacances de Gassin n\u2019a pas \u00e9t\u00e9 \u00e9vacu\u00e9 et n\u2019a pas \u00e9t\u00e9 inqui\u00e9t\u00e9 par les flammes. La consigne donn\u00e9e par les autorit\u00e9s \u00e9tait de regrouper et mettre \u00e0 l&rsquo;abri les vacanciers &hellip;<\/p>\n","protected":false},"author":9,"featured_media":4120,"comment_status":"closed","ping_status":"closed","sticky":false,"template":"","format":"standard","meta":{"footnotes":""},"categories":[62,36],"tags":[195],"_links":{"self":[{"href":"https:\/\/www.csecaf.fr\/index.php?rest_route=\/wp\/v2\/posts\/4121"}],"collection":[{"href":"https:\/\/www.csecaf.fr\/index.php?rest_route=\/wp\/v2\/posts"}],"about":[{"href":"https:\/\/www.csecaf.fr\/index.php?rest_route=\/wp\/v2\/types\/post"}],"author":[{"embeddable":true,"href":"https:\/\/www.csecaf.fr\/index.php?rest_route=\/wp\/v2\/users\/9"}],"replies":[{"embeddable":true,"href":"https:\/\/www.csecaf.fr\/index.php?rest_route=%2Fwp%2Fv2%2Fcomments&post=4121"}],"version-history":[{"count":1,"href":"https:\/\/www.csecaf.fr\/index.php?rest_route=\/wp\/v2\/posts\/4121\/revisions"}],"predecessor-version":[{"id":4122,"href":"https:\/\/www.csecaf.fr\/index.php?rest_route=\/wp\/v2\/posts\/4121\/revisions\/4122"}],"wp:featuredmedia":[{"embeddable":true,"href":"https:\/\/www.csecaf.fr\/index.php?rest_route=\/wp\/v2\/media\/4120"}],"wp:attachment":[{"href":"https:\/\/www.csecaf.fr\/index.php?rest_route=%2Fwp%2Fv2%2Fmedia&parent=4121"}],"wp:term":[{"taxonomy":"category","embeddable":true,"href":"https:\/\/www.csecaf.fr\/index.php?rest_route=%2Fwp%2Fv2%2Fcategories&post=4121"},{"taxonomy":"post_tag","embeddable":true,"href":"https:\/\/www.csecaf.fr\/index.php?rest_route=%2Fwp%2Fv2%2Ftags&post=4121"}],"curies":[{"name":"wp","href":"https:\/\/api.w.org\/{rel}","templated":true}]}}