{"id":4029,"date":"2021-03-11T09:04:08","date_gmt":"2021-03-11T08:04:08","guid":{"rendered":"\/?p=4029"},"modified":"2021-09-21T14:27:15","modified_gmt":"2021-09-21T13:27:15","slug":"vj-les-inscriptions-aux-colos-dete-sont-ouvertes","status":"publish","type":"post","link":"https:\/\/www.csecaf.fr\/?p=4029","title":{"rendered":"VJ : les inscriptions aux colos d&rsquo;\u00e9t\u00e9 sont ouvertes"},"content":{"rendered":"<p>Et c&rsquo;est parti pour les Inscriptions aux colos des grandes vacances, qui auront lieu du 10 au 24 mars inclus. Annul\u00e9s l\u2019\u00e9t\u00e9 dernier, les s\u00e9jours sont reconduits cette ann\u00e9e avec plus de 3300 places pr\u00e9vues au programme. <strong>Si nous restons optimistes et maintenons par cons\u00e9quent nos colos en itin\u00e9rance \u00e0 l\u2019\u00e9tranger, les propositions de s\u00e9jours en France ont n\u00e9anmoins \u00e9t\u00e9 renforc\u00e9es afin de permettre \u00e0 ceux qui le souhaitent de rester dans l\u2019Hexagone.<\/strong> <strong>Nouveaut\u00e9 de cette ann\u00e9e : tous les s\u00e9jours linguistiques se d\u00e9rouleront en France. Un programme itin\u00e9rant pour les 16\/17 ans plus r\u00e9aliste, adapt\u00e9 aux conditions possibles de d\u00e9placement \u00e0 l&rsquo;\u00e9tranger et de s\u00e9curit\u00e9 sanitaire. Un code de rapprochement permet aux plus grands (16\/17 ans) et uniquement sur quelques s\u00e9jours\u00a0itin\u00e9rants,\u00a0de s\u2019inscrire sur la m\u00eame colo.\u00a0<\/strong>Pour rappel, nos conditions d\u2019inscription et d\u2019annulation sont fl exibles et le r\u00e8glement ne s\u2019effectue qu\u2019apr\u00e8s le d\u00e9part (retenue sur salaire), alors n\u2019h\u00e9sitez pas \u00e0 faire plaisir \u00e0 vos enfants.<\/p>\n<h3><strong><span class=\"titre_21\">Nos colos dans le Patrimoine<\/span><\/strong><\/h3>\n<p><span class=\"titre_66\"><strong>Air Pins 4\/5 ans &#8211; Minus circus<\/strong><br \/>\n<\/span>Les maternelles se plongeront cet \u00e9t\u00e9 dans l\u2019univers du cirque. Une initiation avec un encadrement professionnel adaptera les animations (clown, acrobatie, jonglage, \u00e9quilibre\u2026) pour les tout petits afin de leur faire d\u00e9couvrir la magie de ce monde imaginaire plein de surprise et de paillettes. Une repr\u00e9sentation aura lieu en fin de s\u00e9jour.<span id=\"OBJ_PREFIX_DWT101_com_zimbra_url\" class=\"Object\" role=\"link\"><span id=\"OBJ_PREFIX_DWT118_com_zimbra_url\" class=\"Object\" role=\"link\"><\/span><\/span><\/p>\n<p><span class=\"titre_663\"><strong>Mios 6\/11 ans &#8211; Activit\u00e9s nautiques, \u00e9quitation ou cirque : faites vos jeux<\/strong><br \/>\n<\/span>Un vrai chapiteau, de vrais num\u00e9ros, de la magie, M. Loyal en personne\u2026 place au spectacle avec le cirque dans tous ses \u00e9tats\u00a0! Trap\u00e8ze, anneaux ou bien le tissu, c\u2019est le moment de jouer les \u00e9quilibristes sur le fil d\u2019Ariane ou la boule. Entrer sur la piste aux \u00e9toiles semblera un jeu d\u2019enfant, le tout dans la bonne humeur. Pour ceux qui le souhaitent, les th\u00e9matiques \u00e9quitation ou activit\u00e9s nautiques (optimist ou catamaran, cano\u00eb et jeux de plages) sont \u00e9galement au programme.<\/p>\n<p><span class=\"titre_6611\"><strong>Saint-Pons 11\/17 ans &#8211;<\/strong> <strong>Multi activit\u00e9s ou sports d&rsquo;eaux vives<\/strong><br \/>\n<\/span>Plut\u00f4t plein air ou sports d\u2019eaux vives ? Saint-Pons est un village id\u00e9al pour pratiquer les deux !<br \/>\nMulti activit\u00e9s : attention, programme du tonnerre en vue\u2026 sorties en VTT, rafting, s\u00e9ances de paddle et kayak, journ\u00e9es de raid en montagne, course d&rsquo;orientation, escape game, escalade et balade aqualudique.<br \/>\nSports d\u2019eaux vives : planche \u00e0 voile, hydrospeed, rafting, stand-up paddle, kayak\u2026 La montagne et le nautisme sont deux plaisirs qui vont tr\u00e8s bien ensemble.<\/p>\n<h3><strong><span class=\"titre_21\">Centres en location (avec encadrement CSEC AF)<\/span><\/strong><\/h3>\n<p><span class=\"titre_662\"><strong>Porto Vecchio 12\/14 ans &#8211; \u00c7a glisse \u00e0 Porto Vecchio !<\/strong><br \/>\n<\/span>Le centre de vacances est situ\u00e9 \u00e0 10 minutes du centre historique de Porto Vecchio. A proximit\u00e9, la spectaculaire ville de Bonifacio et ses majestueuses falaises de calcaire ou encore Sart\u00e8ne une ville typiquement Corse \u00ab\u00a0la plus Corse des villes Corse\u00a0\u00bb. Ce s\u00e9jour nautique\/ multi activit\u00e9s fait profiter de la beaut\u00e9 de l&rsquo;ile : canyoning, accrobranche\/via ferrata, excursion aux \u00eeles Lavezzi, catamaran et bien s\u00fbr la d\u00e9couverte de Porto Vecchio et Bonifacio.<span id=\"OBJ_PREFIX_DWT107_com_zimbra_url\" class=\"Object\" role=\"link\"><span id=\"OBJ_PREFIX_DWT124_com_zimbra_url\" class=\"Object\" role=\"link\"><\/span><\/span><\/p>\n<p><span class=\"titre_6612\"><strong>Ch\u00e2teau de Sauveboeuf 10\/14 ans &#8211; Cuisine ou swagg attitude<\/strong><br \/>\n<\/span>Au c\u0153ur du P\u00e9rigord noir, sur les bords de la rivi\u00e8re V\u00e9z\u00e8re en Dordogne se dresse le ch\u00e2teau de Sauveboeuf. C\u00f4t\u00e9 cuisine, \u00e0 vous les techniques culinaires ! De la cr\u00e9ation de menus jusqu\u2019\u00e0 leur r\u00e9alisation, de la pr\u00e9paration des plats sucr\u00e9s et sal\u00e9s, du dressage des tables \u00e0 la pr\u00e9sentation des plats, la cuisine n&rsquo;aura plus de secret. C\u00f4t\u00e9 swagg, amateurs de danse et de musiques urbaines, bienvenus. La d\u00e9couverte de l&rsquo;art de la sc\u00e8ne et du street art se fait avec des professeurs dipl\u00f4m\u00e9s.<span id=\"OBJ_PREFIX_DWT108_com_zimbra_url\" class=\"Object\" role=\"link\"><span id=\"OBJ_PREFIX_DWT125_com_zimbra_url\" class=\"Object\" role=\"link\"><\/span><\/span><span id=\"OBJ_PREFIX_DWT109_com_zimbra_url\" class=\"Object\" role=\"link\"><span id=\"OBJ_PREFIX_DWT126_com_zimbra_url\" class=\"Object\" role=\"link\"><\/span><\/span><\/p>\n<p><span class=\"titre_66111\"><strong>Vieux Boucau 10\/14 ans &#8211; Surf<\/strong><br \/>\n<\/span>Sur la commune de Vieux Boucau, paradis du surf, le centre de vacances Nouvel Horizon est situ\u00e9 sur un site calme et ombrag\u00e9 : 4000m\u00b2 de parc, des ch\u00eanes li\u00e8ge et\u2026 des hamacs. Dans un cadre sauvage et naturel, les amateurs d&rsquo;aventures, en compl\u00e9ment du surf sont attendus pour partager de sacr\u00e9s moments. Yoga, v\u00e9lo et balades aussi au programme !<span id=\"OBJ_PREFIX_DWT110_com_zimbra_url\" class=\"Object\" role=\"link\"><span id=\"OBJ_PREFIX_DWT127_com_zimbra_url\" class=\"Object\" role=\"link\"><\/span><\/span><\/p>\n<h3><strong><span class=\"titre_21\">Centres clefs en main (organis\u00e9s et encadr\u00e9s\u00a0enti\u00e8rement par nos partenaires)<\/span><\/strong><\/h3>\n<p><span class=\"titre_6621\"><strong>Pilote de kart 8\/13 ans &#8211; Le Z\u00e8bre<\/strong><br \/>\n<\/span>Le \u00ab\u00a0ch\u00e2teau\u00a0\u00bb constitue l&rsquo;\u00e9l\u00e9ment architectural majeur de la commune de Saint-Martin-de-Fraigneau. Sur 3 hectares de terrain priv\u00e9 et clos, de locaux neufs et r\u00e9nov\u00e9s, les pilotes pourront s&rsquo;en donner \u00e0 c\u0153ur joie ! Cette colo propose des sessions d\u2019entrainements sur une piste homologu\u00e9e de plus d\u20191 kilom\u00e8tre. Le stage se terminera par une remise de dipl\u00f4mes et un challenge en endurance.<span id=\"OBJ_PREFIX_DWT111_com_zimbra_url\" class=\"Object\" role=\"link\"><span id=\"OBJ_PREFIX_DWT128_com_zimbra_url\" class=\"Object\" role=\"link\"><\/span><\/span><\/p>\n<p><span class=\"titre_66211\"><strong>Graine de fermier 6\/9 ans &#8211; Passion Aventure Junior<\/strong><br \/>\n<\/span>En Bourgogne, \u00e0 100km de Dijon, le Domaine de St Jean est une demeure de ma\u00eetre entre champs et bois, travers\u00e9 par un ruisseau poissonneux. Au c\u0153ur de cette nature verdoyante, les enfants pourront chouchouter poneys, ch\u00e8vres, canards, lapins, etc &#8230;, se familiariser avec les animaux de la ferme en apprenant \u00e0 s\u2019en occuper et m\u00eame p\u00eacher. S\u00e9ance de poneys , v\u00e9lo, confection de p\u00e2tisseries, construction de cabanes et barrages et m\u00eame jardinage !<span id=\"OBJ_PREFIX_DWT112_com_zimbra_url\" class=\"Object\" role=\"link\"><span id=\"OBJ_PREFIX_DWT129_com_zimbra_url\" class=\"Object\" role=\"link\"><\/span><\/span><\/p>\n<p><span class=\"titre_662111\"><strong>Stage Moutain Bike 12\/17 ans &#8211; Vacances Pour Tous<\/strong><br \/>\n<\/span>Un vrai stage 100% montagne ! Sur les pentes mythiques du col du Galibier, face au sommet l\u00e9gendaire de la Meije, le Mountain Bike permet de s&rsquo;aventurer sur tous les types de terrain, quels que soient les distances et les reliefs. Encadr\u00e9s par des moniteurs dipl\u00f4m\u00e9s, d\u00e9butants et confirm\u00e9s pourront s\u2019essayer aux diff\u00e9rentes disciplines dans un environnement propice aux sensations sur deux roues. Grands espaces et sensations au rendez-vous&#8230;<span id=\"OBJ_PREFIX_DWT113_com_zimbra_url\" class=\"Object\" role=\"link\"><span id=\"OBJ_PREFIX_DWT130_com_zimbra_url\" class=\"Object\" role=\"link\"><\/span><\/span><\/p>\n","protected":false},"excerpt":{"rendered":"<p>Et c&rsquo;est parti pour les Inscriptions aux colos des grandes vacances, qui auront lieu du 10 au 24 mars inclus. Annul\u00e9s l\u2019\u00e9t\u00e9 dernier, les s\u00e9jours sont reconduits cette ann\u00e9e avec plus de 3300 places pr\u00e9vues au programme. Si nous restons optimistes et maintenons par cons\u00e9quent nos colos en itin\u00e9rance \u00e0 l\u2019\u00e9tranger, les propositions de s\u00e9jours &hellip;<\/p>\n","protected":false},"author":9,"featured_media":4032,"comment_status":"closed","ping_status":"closed","sticky":false,"template":"","format":"standard","meta":{"footnotes":""},"categories":[62,36,56],"tags":[157,188,176,174,104,184,185,192,167,103,170,177,181],"_links":{"self":[{"href":"https:\/\/www.csecaf.fr\/index.php?rest_route=\/wp\/v2\/posts\/4029"}],"collection":[{"href":"https:\/\/www.csecaf.fr\/index.php?rest_route=\/wp\/v2\/posts"}],"about":[{"href":"https:\/\/www.csecaf.fr\/index.php?rest_route=\/wp\/v2\/types\/post"}],"author":[{"embeddable":true,"href":"https:\/\/www.csecaf.fr\/index.php?rest_route=\/wp\/v2\/users\/9"}],"replies":[{"embeddable":true,"href":"https:\/\/www.csecaf.fr\/index.php?rest_route=%2Fwp%2Fv2%2Fcomments&post=4029"}],"version-history":[{"count":1,"href":"https:\/\/www.csecaf.fr\/index.php?rest_route=\/wp\/v2\/posts\/4029\/revisions"}],"predecessor-version":[{"id":4030,"href":"https:\/\/www.csecaf.fr\/index.php?rest_route=\/wp\/v2\/posts\/4029\/revisions\/4030"}],"wp:featuredmedia":[{"embeddable":true,"href":"https:\/\/www.csecaf.fr\/index.php?rest_route=\/wp\/v2\/media\/4032"}],"wp:attachment":[{"href":"https:\/\/www.csecaf.fr\/index.php?rest_route=%2Fwp%2Fv2%2Fmedia&parent=4029"}],"wp:term":[{"taxonomy":"category","embeddable":true,"href":"https:\/\/www.csecaf.fr\/index.php?rest_route=%2Fwp%2Fv2%2Fcategories&post=4029"},{"taxonomy":"post_tag","embeddable":true,"href":"https:\/\/www.csecaf.fr\/index.php?rest_route=%2Fwp%2Fv2%2Ftags&post=4029"}],"curies":[{"name":"wp","href":"https:\/\/api.w.org\/{rel}","templated":true}]}}