{"id":4011,"date":"2021-02-23T09:22:19","date_gmt":"2021-02-23T08:22:19","guid":{"rendered":"\/?p=4011"},"modified":"2021-09-21T14:27:21","modified_gmt":"2021-09-21T13:27:21","slug":"vacances-adultes-ete-les-inscriptions-sont-ouvertes","status":"publish","type":"post","link":"https:\/\/www.csecaf.fr\/?p=4011","title":{"rendered":"Vacances Adultes \u00e9t\u00e9\/automne : les inscriptions sont ouvertes !"},"content":{"rendered":"<p>Qui n\u2019a r\u00eav\u00e9 de la possibilit\u00e9 d\u2019une \u00eele\u2026 histoire de se changer les id\u00e9es et de se laisser aller \u00e0 la douceur insulaire ? A l\u2019occasion de <span class=\"titre_22\"><strong>l\u2019ouverture des inscriptions Adultes aux vacances subventionn\u00e9es de cet \u00e9t\u00e9,\u00a0\u00e0 partir d\u2019aujourd\u2019hui pour le hors patrimoine et \u00e0 partir du 2 mars\u00a0pour le\u00a0patrimoine et ce jusqu&rsquo;au 9 mars, <\/strong><\/span>nous finissons en beaut\u00e9 la pr\u00e9sentation du programme avec quelques offres de s\u00e9jours dans les \u00eeles au large de l\u2019Hexagone mais aussi dans les Cara\u00efbes.<\/p>\n<p>Nous vous rappelons que nos conditions d\u2019inscriptions et d\u2019annulations s\u2019assouplissent afin de vous laisser la libert\u00e9 de vous inscrire\u2026 Plus d\u2019infos sur Panoram@.<\/p>\n<p><span class=\"titre_2\"><strong>Les \u00eeles \u00e0 deux pas<\/strong> <\/span><\/p>\n<p><span class=\"titre_664\"><strong>Belle \u00cele en Mer &#8211; Club Intense (VVF)<\/strong><br \/>\n<\/span>Face \u00e0 Quiberon dans le golfe du Morbihan, Belle-\u00cele-en-Mer, la bien nomm\u00e9e, est la plus grande des \u00eeles bretonnes. Situ\u00e9 au Palais sur un site naturel de 16 ha, face \u00e0 l\u2019oc\u00e9an, le VVF Club Intense Belle \u00cele en Mer \u00e0 Le Palais domine une longue plage de sable fin et poss\u00e8de un acc\u00e8s direct \u00e0 une petite crique. Belle-\u00cele est id\u00e9ale pour de belles balades \u00e0 pied ou \u00e0 v\u00e9lo sur les sentiers face \u00e0 l\u2019oc\u00e9an.<br \/>\n<strong>Les + :<\/strong> acc\u00e8s direct \u00e0 une crique, animations et clubs enfants.<\/p>\n<p><span class=\"titre_6622\"><strong>Noirmoutier &#8211; Camping Le Domaine Le Midi ***** (Sandaya)<\/strong><br \/>\n<\/span>A Noirmoutier, id\u00e9alement situ\u00e9 dans le bourg de Barb\u00e2tre face \u00e0 l\u2019oc\u00e9an, le camping 5 \u00e9toiles Domaine Le Midi vous offre un acc\u00e8s direct sur la plus grande plage de l\u2019\u00eele.<br \/>\nUne fois le passage du Gois franchi, vous entrez au c\u0153ur d\u2019un \u00e9crin de nature pr\u00e9serv\u00e9. Vous pourrez sillonner \u00e0 v\u00e9lo ou \u00e0 pied les sentiers de pleine nature de l\u2019ile, entre oc\u00e9an et for\u00eat.<br \/>\n<strong>Les + :<\/strong> parc aquatique, clubs enfants, acc\u00e8s direct \u00e0 la plage.<\/p>\n<p><span class=\"titre_66212\"><strong>Corse, Santa Maria Poggio &#8211; R\u00e9sidence Casa e Natura (Vacanc\u00e9ole)<\/strong><br \/>\n<\/span>La mer m\u00e9diterran\u00e9e et ses \u00eeles toscanes comme panorama, avec dans le dos le Mont Osari qui promet de belles balades aux paysages \u00e9tourdissants, Casa e Natura vous permettra de passer des vacances inoubliables entre d\u00e9tente et \u00e9merveillement. Tous les lodges se fondent dans la nature.<br \/>\n<strong>Les + :<\/strong> acc\u00e8s direct \u00e0 la plage, aires de jeux, piscine chauff\u00e9e avec deux bassins massants, parking s\u00e9curis\u00e9 par portail \u00e0 digicode, salle de sport et d\u00e9tente.<\/p>\n<p><span class=\"titre_662111\"><strong>Ile d&rsquo;Ol\u00e9ron &#8211; R\u00e9sidence Terre Marine &#8211; (Odalys)<\/strong><br \/>\n<\/span>Au sud de l\u2019Ile de R\u00e9, face \u00e0 la ville de Rochefort sur Mer, l\u2019Ile d\u2019Ol\u00e9ron est la plus grande \u00eele fran\u00e7aise du littoral atlantique. Elle b\u00e9n\u00e9ficie de nombreux atouts touristiques : son ensoleillement, ses plages et for\u00eats et ses \u00e9quipements de loisirs.<br \/>\n<strong>Les + :<\/strong> maisonnettes de plain-pied ouvertes sur une terrasse, piscine ext\u00e9rieure chauff\u00e9e.<\/p>\n<p><span class=\"titre_2\"><strong>Les \u00eeles lointaines<\/strong> <\/span><\/p>\n<p><span class=\"titre_6632\"><strong>St Martin, Orient Bay &#8211; Le Playa Orient Bay 4* + vols<\/strong><br \/>\n<\/span>Situ\u00e9 au c\u0153ur des Cara\u00efbes, St Martin est une \u00eele pleine de richesse naturelle, culturelle et humaine, que l\u2019on d\u00e9couvre tout au long de ses 88km\u00b2 de superficie et au travers de ses 36 plages de sable blanc. L\u2019h\u00f4tel 4* enti\u00e8rement renov\u00e9, offre 56 Junior suites spacieuses et dispose d&rsquo;une piscine d&rsquo;eau douce, d&rsquo;une plage priv\u00e9e avec transats.<br \/>\n<strong>Les + :<\/strong> plage priv\u00e9e, acc\u00e8s wifi, proximit\u00e9 place du march\u00e9 et des restaurant<\/p>\n<p><span class=\"titre_66312\"><strong>Martinique, Les Trois Ilets &#8211; Carayou H\u00f4tel &amp; Spa 3* + vols<\/strong><br \/>\n<\/span>Dans une ambiance chaleureuse et conviviale qui caract\u00e9rise l\u2019\u00eele aux belles eaux, l\u2019h\u00f4tel Carayou and SPA vous invite \u00e0 appr\u00e9cier les merveilles de la Martinique. Son architecture rappelant les cases cr\u00e9oles et son implantation au milieu d\u2019un jardin tropical entour\u00e9 par la mer, vous assurera des instants de relaxation et de d\u00e9tente.<br \/>\n<strong>Les + :<\/strong> jardin tropical, face \u00e0 la baie de Fort-de-France.<\/p>\n<p><span class=\"titre_663111\"><strong>Guadeloupe, Gosier &#8211; Fleur d&rsquo;Ep\u00e9e 3* + vols<\/strong><br \/>\n<\/span>Envolez-vous vers les Antilles et s\u00e9jourez \u00e0 l&rsquo;h\u00f4tel Fleur d&rsquo;\u00e9p\u00e9e. Sur une plage de sable fin, face \u00e0 la volcanique Basse-terre, cet h\u00f4tel convivial vous accueillera pour des vacances en toute tranquillit\u00e9. Id\u00e9al pour un s\u00e9jour en famille ou entre amis.<br \/>\n<strong>Les + :<\/strong> situation de l&rsquo;h\u00f4tel entre la Basse-terre et la Grande-Terre, jardin luxuriant.<\/p>\n","protected":false},"excerpt":{"rendered":"<p>Qui n\u2019a r\u00eav\u00e9 de la possibilit\u00e9 d\u2019une \u00eele\u2026 histoire de se changer les id\u00e9es et de se laisser aller \u00e0 la douceur insulaire ? A l\u2019occasion de l\u2019ouverture des inscriptions Adultes aux vacances subventionn\u00e9es de cet \u00e9t\u00e9,\u00a0\u00e0 partir d\u2019aujourd\u2019hui pour le hors patrimoine et \u00e0 partir du 2 mars\u00a0pour le\u00a0patrimoine et ce jusqu&rsquo;au 9 mars, &hellip;<\/p>\n","protected":false},"author":9,"featured_media":4013,"comment_status":"closed","ping_status":"closed","sticky":false,"template":"","format":"standard","meta":{"footnotes":""},"categories":[62,36,56],"tags":[157,188,176,106,120,95],"_links":{"self":[{"href":"https:\/\/www.csecaf.fr\/index.php?rest_route=\/wp\/v2\/posts\/4011"}],"collection":[{"href":"https:\/\/www.csecaf.fr\/index.php?rest_route=\/wp\/v2\/posts"}],"about":[{"href":"https:\/\/www.csecaf.fr\/index.php?rest_route=\/wp\/v2\/types\/post"}],"author":[{"embeddable":true,"href":"https:\/\/www.csecaf.fr\/index.php?rest_route=\/wp\/v2\/users\/9"}],"replies":[{"embeddable":true,"href":"https:\/\/www.csecaf.fr\/index.php?rest_route=%2Fwp%2Fv2%2Fcomments&post=4011"}],"version-history":[{"count":3,"href":"https:\/\/www.csecaf.fr\/index.php?rest_route=\/wp\/v2\/posts\/4011\/revisions"}],"predecessor-version":[{"id":4015,"href":"https:\/\/www.csecaf.fr\/index.php?rest_route=\/wp\/v2\/posts\/4011\/revisions\/4015"}],"wp:featuredmedia":[{"embeddable":true,"href":"https:\/\/www.csecaf.fr\/index.php?rest_route=\/wp\/v2\/media\/4013"}],"wp:attachment":[{"href":"https:\/\/www.csecaf.fr\/index.php?rest_route=%2Fwp%2Fv2%2Fmedia&parent=4011"}],"wp:term":[{"taxonomy":"category","embeddable":true,"href":"https:\/\/www.csecaf.fr\/index.php?rest_route=%2Fwp%2Fv2%2Fcategories&post=4011"},{"taxonomy":"post_tag","embeddable":true,"href":"https:\/\/www.csecaf.fr\/index.php?rest_route=%2Fwp%2Fv2%2Ftags&post=4011"}],"curies":[{"name":"wp","href":"https:\/\/api.w.org\/{rel}","templated":true}]}}