{"id":3994,"date":"2021-02-04T10:37:08","date_gmt":"2021-02-04T09:37:08","guid":{"rendered":"\/?p=3994"},"modified":"2021-09-21T14:28:03","modified_gmt":"2021-09-21T13:28:03","slug":"reservez-prochainement-votre-coin-de-ciel-bleu","status":"publish","type":"post","link":"https:\/\/www.csecaf.fr\/?p=3994","title":{"rendered":"R\u00e9servez prochainement votre coin de ciel bleu\u2026"},"content":{"rendered":"<p>S\u2019\u00e9vader, l\u00e9zarder, d\u00e9couvrir, s\u2019immerger, musarder\u2026 on aimerait tous conjuguer \u00e0 nouveau le champs lexical du voyage \u00e0 tous les temps\u2026 partout dans le monde. Covid-19 oblige, nous serons encore contraints, pendant les prochains mois, de vivre avec le virus et son cort\u00e8ge de mesures sanitaires. <strong>Aussi avons-nous con\u00e7u un programme estival made in Hexagone avec un tour de France des s\u00e9jours. <\/strong><\/p>\n<p>Pour vous en donner un aper\u00e7u, <strong>chaque semaine \u00e0 partir d\u2019aujourd\u2019hui et jusqu\u2019au 23 f\u00e9vrier, date d\u2019ouverture aux inscriptions aux Vacances d\u2019\u00e9t\u00e9 pour les Adultes, nous vous enverrons une newsletter avec les th\u00e8mes forts et quelques s\u00e9jours phares.<\/strong> RdV sur Panoram@ \u00e0 cette date pour visualiser et r\u00e9server vos vacances.<\/p>\n<p>En cette ann\u00e9e encore bien particuli\u00e8re, le CSEC \u00e9largit son offre France avec : <strong>un d\u00e9veloppement cons\u00e9quent des s\u00e9jours en Corse, la multiplication des offres en plein air, des locations en villas et en camping car, cela dans toutes nos r\u00e9gions.<\/strong> Bien s\u00fbr, en fonction des mesures sanitaires, l\u2019Europe et le bassin m\u00e9diterran\u00e9en mais aussi des destinations \u00e0 l\u2019international avec avions ne seront pas en reste. <strong>En tout, vous pourrez choisir parmi plus de 100 offres France &amp; DOM, et parmi 30 offres en Europe et dans le monde. <\/strong><\/p>\n<p>Que ce soit des vacances de proximit\u00e9 dans nos belles r\u00e9gions ou \u00e0 l\u2019international, le CSEC a mis un soin tout particulier \u00e0 s\u00e9lectionner des s\u00e9jours dont l\u2019hygi\u00e8ne et la s\u00e9curit\u00e9 sont irr\u00e9prochables. <strong>Les nombreuses propositions en location dans des villas ou du moins \u00e0 l\u2019air libre permettront \u00e0 ceux qui le souhaitent de passer des vacances en famille \u00e9largie et ou avec les amis.<\/strong><\/p>\n<p><strong>Enfin et comme pour cet hiver, nous vous rappelons que pour que vous puissiez vous inscrire sereinement, nous assouplissons nos conditions de remboursements et d\u2019annulation.<\/strong><\/p>\n","protected":false},"excerpt":{"rendered":"<p>S\u2019\u00e9vader, l\u00e9zarder, d\u00e9couvrir, s\u2019immerger, musarder\u2026 on aimerait tous conjuguer \u00e0 nouveau le champs lexical du voyage \u00e0 tous les temps\u2026 partout dans le monde. Covid-19 oblige, nous serons encore contraints, pendant les prochains mois, de vivre avec le virus et son cort\u00e8ge de mesures sanitaires. Aussi avons-nous con\u00e7u un programme estival made in Hexagone avec &hellip;<\/p>\n","protected":false},"author":9,"featured_media":3996,"comment_status":"closed","ping_status":"closed","sticky":false,"template":"","format":"standard","meta":{"footnotes":""},"categories":[62,36,56],"tags":[157,182,176,185,120,181],"_links":{"self":[{"href":"https:\/\/www.csecaf.fr\/index.php?rest_route=\/wp\/v2\/posts\/3994"}],"collection":[{"href":"https:\/\/www.csecaf.fr\/index.php?rest_route=\/wp\/v2\/posts"}],"about":[{"href":"https:\/\/www.csecaf.fr\/index.php?rest_route=\/wp\/v2\/types\/post"}],"author":[{"embeddable":true,"href":"https:\/\/www.csecaf.fr\/index.php?rest_route=\/wp\/v2\/users\/9"}],"replies":[{"embeddable":true,"href":"https:\/\/www.csecaf.fr\/index.php?rest_route=%2Fwp%2Fv2%2Fcomments&post=3994"}],"version-history":[{"count":1,"href":"https:\/\/www.csecaf.fr\/index.php?rest_route=\/wp\/v2\/posts\/3994\/revisions"}],"predecessor-version":[{"id":3995,"href":"https:\/\/www.csecaf.fr\/index.php?rest_route=\/wp\/v2\/posts\/3994\/revisions\/3995"}],"wp:featuredmedia":[{"embeddable":true,"href":"https:\/\/www.csecaf.fr\/index.php?rest_route=\/wp\/v2\/media\/3996"}],"wp:attachment":[{"href":"https:\/\/www.csecaf.fr\/index.php?rest_route=%2Fwp%2Fv2%2Fmedia&parent=3994"}],"wp:term":[{"taxonomy":"category","embeddable":true,"href":"https:\/\/www.csecaf.fr\/index.php?rest_route=%2Fwp%2Fv2%2Fcategories&post=3994"},{"taxonomy":"post_tag","embeddable":true,"href":"https:\/\/www.csecaf.fr\/index.php?rest_route=%2Fwp%2Fv2%2Ftags&post=3994"}],"curies":[{"name":"wp","href":"https:\/\/api.w.org\/{rel}","templated":true}]}}