{"id":3774,"date":"2019-12-18T16:35:17","date_gmt":"2019-12-18T15:35:17","guid":{"rendered":"\/?p=3774"},"modified":"2023-12-26T14:23:40","modified_gmt":"2023-12-26T13:23:40","slug":"litw-le-departement-aerien-dopcalia","status":"publish","type":"post","link":"https:\/\/www.csecaf.fr\/?p=3774","title":{"rendered":"L&rsquo;ITW: le d\u00e9partement a\u00e9rien d&rsquo;OPCALIA"},"content":{"rendered":"<p>Soyez au fait des changements concernant la formation professionnelle\u00a0! Pour cela nous avons interrog\u00e9 Farida BELMESSAOUD, Directrice D\u00e9l\u00e9gu\u00e9e au D\u00e9partement A\u00e9rien d\u2019OPCALIA qui en dit plus sur son organisation et les \u00e9volutions du CPF (compte personnel de formation).<\/p>\n<h4>\u27a1\ufe0f <strong>Votre organisation et ses missions en quelques mots ?<\/strong><\/h4>\n<p><em>\u00a0<\/em>Pr\u00e9sent sur l\u2019ensemble du territoire national, y compris les 5 DOM, <strong>OPCALIA conseille et accompagne les entreprises dans leur strat\u00e9gie emploi-formation<\/strong>. Nous d\u00e9ployons des actions pour favoriser l\u2019emploi durable des individus qu\u2019ils soient jeunes, salari\u00e9s, en reconversion, en situation de handicap ou fragilis\u00e9s dans leur employabilit\u00e9. Notre organisme assure \u00e9galement <strong>le d\u00e9veloppement de l\u2019alternance<\/strong> et un appui technique des branches professionnelles pour anticiper les mutations socio-\u00e9conomiques et <strong>s\u00e9curiser les parcours professionnels<\/strong>. Et enfin nous <strong>g\u00e9rons et optimisons les ressources financi\u00e8res d\u00e9di\u00e9es aux formations<\/strong>. Nous sommes un organisme paritaire agr\u00e9\u00e9 par l\u2019\u00c9tat et mandat\u00e9 par l\u2019OPCO<a href=\"#_ftn1\" name=\"_ftnref1\">[1]<\/a> des services \u00e0 forte intensit\u00e9 de main d\u2019\u0153uvre. En 2020 nous changeons de nom, <strong>OPCALIA deviendra AKTO au 1<sup>er<\/sup> janvier\u00a0!<\/strong><\/p>\n<h4>\u27a1\ufe0f <strong>Quel est le r\u00f4le du d\u00e9partement A\u00e9rien\u00a0et Services aux transports?<\/strong><\/h4>\n<p>Notre \u00e9quipe d\u00e9di\u00e9e au secteur au niveau national, <strong>compos\u00e9e de conseillers formation experts du secteur<\/strong>, a pour mission <strong>le conseil aux entreprises en mati\u00e8re de\u00a0gestion et de financement des actions de formation des entreprises et des salari\u00e9s<\/strong>. Nous d\u00e9veloppons des services \u00e0 la demande des partenaires sociaux de la branche \u00e0 travers sa\u00a0Section Paritaire Professionnelle (SPP). <strong>La SPP du Transport A\u00e9rien<\/strong>, compos\u00e9e de repr\u00e9sentants d\u2019organisations patronales et d\u2019organisations syndicales, <strong>d\u00e9finit les r\u00e8gles et les modalit\u00e9s de prise en charge et les ressources \u00e0 allouer au regard des besoins des entreprises du secteur<\/strong> sur chaque exercice dans le respect des dispositions prises par le Conseil d\u2019Administration d\u2019OPCALIA. Notre d\u00e9partement est donc charg\u00e9 de mettre en \u0153uvre ces d\u00e9cisions conform\u00e9ment aux orientations du Conseil d\u2019administration de l\u2019OPCO.<\/p>\n<h4>\u27a1\ufe0f <strong>Comment se traduit la mise en \u0153uvre de ces d\u00e9cisions au quotidien\u00a0?<\/strong><\/h4>\n<p>Notre d\u00e9partement engage son action au quotidien aux c\u00f4t\u00e9s des entreprises afin de les guider dans leur investissement formation \u00e0 travers une gamme compl\u00e8te de solutions de gestion, RH et ing\u00e9nierie optimale des dispositifs formation, ainsi <strong>qu\u2019aux c\u00f4t\u00e9s des salari\u00e9s pour la mobilisation de leur DIF et du Compte personnel de formation depuis 2015<\/strong>.<\/p>\n<h4>\u27a1\ufe0f <strong>Et comment faire une formation en utilisant son CPF (Compte personnel de formation)\u00a0?<\/strong><\/h4>\n<p><strong>Le CPF est ouvert \u00e0 toute personne d\u00e8s son entr\u00e9e dans la vie active<\/strong> jusqu\u2019\u00e0 sa retraite. Il peut \u00eatre utilis\u00e9 par chacun \u00e0 tout moment de sa vie professionnelle, y compris pendant les p\u00e9riodes de ch\u00f4mage. Depuis le 1er janvier 2019, les heures acquises au titre du CPF sont mon\u00e9tis\u00e9es \u00e0 hauteur de 15 \u20ac\/H. Au 1er semestre 2019,\u00a024 heures suppl\u00e9mentaires sont ajout\u00e9es au compteur soit 360 \u20ac (24h*15\u20ac) pour un\u00a0salari\u00e9 \u00e0 temps complet.<\/p>\n<h4>\u27a1\ufe0f <strong>Quels changements pour l\u2019ann\u00e9e \u00e0 venir?<\/strong><\/h4>\n<p>A partir de 2020, <strong>l\u2019alimentation des compteurs CPF se fera en Euros<\/strong>\u00a0\u00e0 raison de\u00a0500 \u20ac par an dans la limite de 5000\u20ac. En revanche, pour les salari\u00e9s n\u2019ayant pas un dipl\u00f4me class\u00e9 au niveau V (CAP), un titre pro RNCP ou une certification reconnue par une CCN<a href=\"#_ftn2\" name=\"_ftnref2\">[2]<\/a> de branche, le montant annuel sera de 800\u20ac par an dans la limite de 8000\u20ac.<\/p>\n<p>Attention\u00a0! <strong>Le DIF ne sera pas perdu \u00e0 la fin de l\u2019ann\u00e9e 2020 \u00e0 condition que les salari\u00e9s aient bien inscrit leurs heures sur leur compte CPF avant le 31\/12\/2020<\/strong>. Chaque salari\u00e9 conserve le b\u00e9n\u00e9fice de son budget correspondant aux heures acquises sans limitation de dur\u00e9e. <strong>D\u00e8s le 01\/12\/2019 la prise en charge des formations au titre du CPF, <\/strong>se fera non plus par nos services, mais <strong>par l\u2019interm\u00e9diaire de l\u2019application CPF \u00ab\u00a0Mon Compte Formation\u00a0\u00bb<\/strong> pr\u00e9sent\u00e9e le 21 novembre dernier par le gouvernement<\/p>\n<h4>\u27a1\ufe0f <strong>Vous avez \u00e9galement lanc\u00e9 une nouvelle appli mobile\u2026<\/strong><\/h4>\n<p>Opcalia a lanc\u00e9 <strong>\u00ab\u00a01001 M\u00e9tiers de l&rsquo;a\u00e9rien\u00a0\u00bb<\/strong> cette ann\u00e9e \u00e0 l\u2019occasion du Salon du Bourget. <strong>Cette application p\u00e9dagogique d\u00e9di\u00e9e aux m\u00e9tiers de l&rsquo;a\u00e9rien est faite pour d\u00e9couvrir leurs sp\u00e9cificit\u00e9s<\/strong>, leurs codes et leurs finalit\u00e9s. Cette nouvelle application s&rsquo;inscrit dans la volont\u00e9 de la branche professionnelle de l&rsquo;a\u00e9rien et de ses partenaires &#8211; organismes de formation et associations \u2013 de promouvoir les m\u00e9tiers et d&rsquo;enrichir les horizons professionnels du plus grand nombre. <strong>L\u2019application mobile est gratuite sur tous les STORES<\/strong>\u00a0et permet de tester ses connaissances sur cet univers fascinant avec de nombreux quizz tout au long de l&rsquo;application.<\/p>\n<h4>\u27a1\ufe0f <em>En savoir plus\u00a0:<\/em><\/h4>\n<p><a href=\"https:\/\/www.opcalia.com\/branches\/transport-aerien\">https:\/\/www.opcalia.com\/branches\/transport-aerien<\/a><\/p>\n<h4>\u27a1\ufe0f <em>Nos partenaires &#8211; associations:<\/em><\/h4>\n<p><a href=\"http:\/\/www.observatoire-metiers-aerien.fr\/\">Observatoire Prospectif des M\u00e9tiers et Qualifications de l\u2019Aerien<\/a>, <a href=\"http:\/\/www.airemploi.org\/\">Air Emploi<\/a>, <a href=\"http:\/\/www.association-jeremy.com\/\">Association JEREMY<\/a>, <a href=\"http:\/\/www.museeairespace.fr\/le-musee\/associations\/les-ailes-de-la-ville\/\">Association Les Ailes de la Ville<\/a><\/p>\n<p><a href=\"#_ftnref1\" name=\"_ftn1\">[1]<\/a> Op\u00e9rateur de comp\u00e9tences<\/p>\n<p><a href=\"#_ftnref2\" name=\"_ftn2\">[2]<\/a> Convention Collective Nationale<\/p>\n","protected":false},"excerpt":{"rendered":"<p>Soyez au fait des changements concernant la formation professionnelle\u00a0! Pour cela nous avons interrog\u00e9 Farida BELMESSAOUD, Directrice D\u00e9l\u00e9gu\u00e9e au D\u00e9partement A\u00e9rien d\u2019OPCALIA qui en dit plus sur son organisation et les \u00e9volutions du CPF (compte personnel de formation). \u27a1\ufe0f Votre organisation et ses missions en quelques mots ? \u00a0Pr\u00e9sent sur l\u2019ensemble du territoire national, y &hellip;<\/p>\n","protected":false},"author":7,"featured_media":3785,"comment_status":"closed","ping_status":"closed","sticky":false,"template":"","format":"standard","meta":{"footnotes":""},"categories":[227,137],"tags":[157,63,191,188,34,35,168,189],"_links":{"self":[{"href":"https:\/\/www.csecaf.fr\/index.php?rest_route=\/wp\/v2\/posts\/3774"}],"collection":[{"href":"https:\/\/www.csecaf.fr\/index.php?rest_route=\/wp\/v2\/posts"}],"about":[{"href":"https:\/\/www.csecaf.fr\/index.php?rest_route=\/wp\/v2\/types\/post"}],"author":[{"embeddable":true,"href":"https:\/\/www.csecaf.fr\/index.php?rest_route=\/wp\/v2\/users\/7"}],"replies":[{"embeddable":true,"href":"https:\/\/www.csecaf.fr\/index.php?rest_route=%2Fwp%2Fv2%2Fcomments&post=3774"}],"version-history":[{"count":5,"href":"https:\/\/www.csecaf.fr\/index.php?rest_route=\/wp\/v2\/posts\/3774\/revisions"}],"predecessor-version":[{"id":3779,"href":"https:\/\/www.csecaf.fr\/index.php?rest_route=\/wp\/v2\/posts\/3774\/revisions\/3779"}],"wp:featuredmedia":[{"embeddable":true,"href":"https:\/\/www.csecaf.fr\/index.php?rest_route=\/wp\/v2\/media\/3785"}],"wp:attachment":[{"href":"https:\/\/www.csecaf.fr\/index.php?rest_route=%2Fwp%2Fv2%2Fmedia&parent=3774"}],"wp:term":[{"taxonomy":"category","embeddable":true,"href":"https:\/\/www.csecaf.fr\/index.php?rest_route=%2Fwp%2Fv2%2Fcategories&post=3774"},{"taxonomy":"post_tag","embeddable":true,"href":"https:\/\/www.csecaf.fr\/index.php?rest_route=%2Fwp%2Fv2%2Ftags&post=3774"}],"curies":[{"name":"wp","href":"https:\/\/api.w.org\/{rel}","templated":true}]}}