{"id":3718,"date":"2019-11-13T15:37:13","date_gmt":"2019-11-13T14:37:13","guid":{"rendered":"\/?p=3718"},"modified":"2023-12-26T14:24:52","modified_gmt":"2023-12-26T13:24:52","slug":"itw-airemploi-fete-ses-20-ans-cette-annee","status":"publish","type":"post","link":"https:\/\/www.csecaf.fr\/?p=3718","title":{"rendered":"ITW: Airemploi f\u00eate ses 20 ans cette ann\u00e9e !"},"content":{"rendered":"<p><span style=\"color: #999999;\"><em>Septembre 2019 &#8211; (Lecture 3 minutes)<\/em><\/span><\/p>\n<p>Nous avons rencontr\u00e9 la Directrice Mireille LARGEAULT, Laura LAMBLOIS la Responsable Communication et Ana Fere conseill\u00e8re m\u00e9tiers du transport a\u00e9rien \u00a0au Salon du Bourget. L\u2019occasion d\u2019en savoir plus sur cette association dynamique au service de la fili\u00e8re a\u00e9ronautique.<\/p>\n<h2>Votre association en quelques mots\u00a0?<\/h2>\n<p>Airemploi a \u00e9t\u00e9 cr\u00e9\u00e9e par Air France, lors d\u2019une initiative conjointe avec les branches professionnelles\u00a0: la FNAM et le GIFAS. Nous sommes juridiquement ind\u00e9pendants d\u2019Air France, cependant la compagnie nous soutient financi\u00e8rement et valorise nos actions. Nous b\u00e9n\u00e9ficions de la taxe d\u2019apprentissage et menons des <strong>actions d\u2019information et d\u2019orientation pour l\u2019ensemble de la fili\u00e8re<\/strong>. Un \u00e9norme travail a \u00e9t\u00e9 r\u00e9alis\u00e9 depuis 20 ans mais les besoins existent toujours.<\/p>\n<h2>Quels types d\u2019actions menez-vous\u00a0?<\/h2>\n<p>La majorit\u00e9 de <strong>nos actions sont \u00e0 destinations du public scolaire<\/strong> et dans une moindre mesure pour les demandeurs d\u2019emplois et les publics en reconversion. <strong>Le besoin d\u2019informations pour l\u2019orientation est un enjeu immense<\/strong>. Nous constatons <strong>un d\u00e9ficit de connaissances des m\u00e9tiers du secteur<\/strong> m\u00eame dans les r\u00e9gions proches de Roissy\u2026 Pour y r\u00e9pondre, un concept efficace a vu le jour en 2000\u00a0: <strong>les conf\u00e9rences terre et ciel<\/strong>. Des conf\u00e9renciers AIREMPLOI se d\u00e9placent dans les coll\u00e8ges et lyc\u00e9es de France et des DOM pour y faire <strong>d\u00e9couvrir les m\u00e9tiers du transport a\u00e9rien et de l\u2019industrie a\u00e9ronautique<\/strong>. Les jeunes imaginent souvent que les m\u00e9tiers de l\u2019a\u00e9ronautique sont r\u00e9serv\u00e9s aux \u00e9lites. Des portraits vid\u00e9o de professionnels permettent de d\u00e9couvrir la diversit\u00e9 des m\u00e9tiers. Les jeunes r\u00e9fl\u00e9chissent a leur orientation en se questionnant sur leurs go\u00fbts et aptitudes avec un support qui leur est donn\u00e9.<\/p>\n<p>Suite \u00e0 notre passage en Guadeloupe et la R\u00e9union, les \u00e9tablissements ont organis\u00e9 un voyage scolaire au salon\u00a0du Bourget! Cette ann\u00e9e plus de 200 conf\u00e9rences ont d\u00e9j\u00e0 eu lieu .<\/p>\n<h2>Constatez-vous une \u00e9volution de l\u2019int\u00e9r\u00eat des femmes pour le secteur\u00a0?<\/h2>\n<p><strong>Les entreprises sont de plus en plus actives sur la question de l\u2019int\u00e9gration des femmes<\/strong>. Cette ann\u00e9e, beaucoup de conf\u00e9rences sur le sujet ont eu lieu au salon du Bourget. La l\u00e9gislation \u00e9volue \u00e9galement en ce sens avec l\u2019obligation de publier un indicateur.<\/p>\n<p>De notre c\u00f4t\u00e9, nous organisons <strong>un concours national<\/strong> qui a lieu tous les deux ans depuis 2009\u00a0: <strong>\u00ab\u00a0F\u00e9minisons les m\u00e9tiers de l\u2019a\u00e9ronautique\u00a0\u00bb<\/strong> avec l\u2019ambition de faire \u00e9voluer les mentalit\u00e9s et susciter des vocations. Les entreprises s\u2019engagent avec nous ce sur ce projet\u00a0qui s \u00e9tale sur l ann\u00e9e scolaire . Des marraines de l entreprise font d\u00e9couvrir leur m\u00e9tier aux coll\u00e9giennes et lyc\u00e9ennes\u00a0 Nous avons de nombreux retours positifs, des candidates des premi\u00e8res sessions sont devenues marraines \u00e0 leur tour. Depuis le d\u00e9but du projet, 1\u00a0000 jeunes filles ont particip\u00e9.<\/p>\n<h2>Quels sont les m\u00e9tiers du secteur en tension\u00a0?<\/h2>\n<p>Dans l\u2019industrie a\u00e9ronautique <strong>la plupart des m\u00e9tiers de la production\u00a0sont en tension<\/strong>: ajusteur, chaudronnier\u2026 Mais \u00e9galement les m\u00e9tiers de conception ainsi que les pilotes et h\u00f4tesses de l\u2019air pour le transport a\u00e9rien. La DGAC souffre d\u2019<strong>un d\u00e9ficit \u00e9norme en contr\u00f4leurs a\u00e9riens<\/strong>. Nous travaillons actuellement sur un programme pour mener des actions en ce sens \u00e0 la rentr\u00e9e.<\/p>\n<h2>Comment \u00e9voluent les m\u00e9tiers de l\u2019a\u00e9ronautique\u00a0?<\/h2>\n<p><strong>Demain 80% des m\u00e9tiers que nous connaissons n\u2019existeront plus sous leurs formes actuelles<\/strong>. Le recueil, le traitement et l\u2019exploitation des donn\u00e9es bouleversent les m\u00e9thodes de travail. Les m\u00e9tiers li\u00e9s au digital et \u00e0 l\u2019intelligence artificielle \u00e9voluent en permanence. Les activit\u00e9s comme la maintenance pr\u00e9dictive se d\u00e9veloppent permettant aux avions de voler toujours plus. Cependant, Contrairement \u00e0 ce que l\u2019on pense, la dimension manuelle reste tr\u00e8s pr\u00e9sente dans les m\u00e9tiers de l industrie.<\/p>\n<h2>Les prescripteurs jouent un r\u00f4le important en mati\u00e8re d\u2019orientation\u2026<\/h2>\n<p>En effet, au salon du Bourget nous avons accueilli des ing\u00e9nieurs pour l\u2019\u00e9cole<a href=\"#_ftn1\" name=\"_ftnref1\">[1]<\/a>, des professeurs, des conseillers d\u2019orientations\u2026 Ils peuvent s\u2019appuyer sur les associations comme la n\u00f4tre pour permettre une orientation \u00e9clair\u00e9e. Les premiers prescripteurs restent les parents, parfois ils ont des st\u00e9r\u00e9otypes comme par exemple sur l\u2019apprentissage. Il est donc <strong>important de s\u2019appuyer sur l\u2019\u00e9clairage de professionnels en mati\u00e8re d\u2019orientation<\/strong>. Pour en savoir plus <a href=\"http:\/\/www.airemploi.org\">www.airemploi.org<\/a>.<\/p>\n<p><a href=\"#_ftnref1\" name=\"_ftn1\">[1]<\/a> Personnes salari\u00e9s d\u2019une entreprise en poste \u00e0 l&rsquo;\u00e9ducation nationale<\/p>\n","protected":false},"excerpt":{"rendered":"<p>Septembre 2019 &#8211; (Lecture 3 minutes) Nous avons rencontr\u00e9 la Directrice Mireille LARGEAULT, Laura LAMBLOIS la Responsable Communication et Ana Fere conseill\u00e8re m\u00e9tiers du transport a\u00e9rien \u00a0au Salon du Bourget. L\u2019occasion d\u2019en savoir plus sur cette association dynamique au service de la fili\u00e8re a\u00e9ronautique. Votre association en quelques mots\u00a0? Airemploi a \u00e9t\u00e9 cr\u00e9\u00e9e par Air &hellip;<\/p>\n","protected":false},"author":7,"featured_media":3733,"comment_status":"closed","ping_status":"closed","sticky":false,"template":"","format":"standard","meta":{"footnotes":""},"categories":[227,137],"tags":[157,191,188,35,168,189],"_links":{"self":[{"href":"https:\/\/www.csecaf.fr\/index.php?rest_route=\/wp\/v2\/posts\/3718"}],"collection":[{"href":"https:\/\/www.csecaf.fr\/index.php?rest_route=\/wp\/v2\/posts"}],"about":[{"href":"https:\/\/www.csecaf.fr\/index.php?rest_route=\/wp\/v2\/types\/post"}],"author":[{"embeddable":true,"href":"https:\/\/www.csecaf.fr\/index.php?rest_route=\/wp\/v2\/users\/7"}],"replies":[{"embeddable":true,"href":"https:\/\/www.csecaf.fr\/index.php?rest_route=%2Fwp%2Fv2%2Fcomments&post=3718"}],"version-history":[{"count":3,"href":"https:\/\/www.csecaf.fr\/index.php?rest_route=\/wp\/v2\/posts\/3718\/revisions"}],"predecessor-version":[{"id":3721,"href":"https:\/\/www.csecaf.fr\/index.php?rest_route=\/wp\/v2\/posts\/3718\/revisions\/3721"}],"wp:featuredmedia":[{"embeddable":true,"href":"https:\/\/www.csecaf.fr\/index.php?rest_route=\/wp\/v2\/media\/3733"}],"wp:attachment":[{"href":"https:\/\/www.csecaf.fr\/index.php?rest_route=%2Fwp%2Fv2%2Fmedia&parent=3718"}],"wp:term":[{"taxonomy":"category","embeddable":true,"href":"https:\/\/www.csecaf.fr\/index.php?rest_route=%2Fwp%2Fv2%2Fcategories&post=3718"},{"taxonomy":"post_tag","embeddable":true,"href":"https:\/\/www.csecaf.fr\/index.php?rest_route=%2Fwp%2Fv2%2Ftags&post=3718"}],"curies":[{"name":"wp","href":"https:\/\/api.w.org\/{rel}","templated":true}]}}